{"id":9281,"date":"2022-03-21T09:25:43","date_gmt":"2022-03-21T09:25:43","guid":{"rendered":"https:\/\/www.psagroup.it\/2022\/03\/21\/vittime-di-mafia-oggi-e-la-giornata-della-memoria\/"},"modified":"2022-03-21T09:25:43","modified_gmt":"2022-03-21T09:25:43","slug":"vittime-di-mafia-oggi-e-la-giornata-della-memoria","status":"publish","type":"post","link":"https:\/\/www.psagroup.it\/en\/2022\/03\/21\/vittime-di-mafia-oggi-e-la-giornata-della-memoria\/","title":{"rendered":"Vittime di mafia, oggi \u00e8 la giornata della memoria"},"content":{"rendered":"<p>Oggi si celebra la \u201cGiornata della Memoria e dell\u2019Impegno in ricordo delle vittime delle mafie\u201d. Una ricorrenza giunta ormai alla 27^ edizione ma che \u00e8 stata instituita formalmente nel 2017 con una legge dello Stato. Una ricorrenza voluta fortemente da 2 donne, la mamma di Roberto Antiochia, poliziotto morto al fianco del commissario Antonio \u201cNinni\u201d Carrar\u00e0 nel 1985 a Palermo e la mamma di Antonio Montinaro, ucciso a Capaci insieme al giudice Giovanni Falcone, alla moglie di quest\u2019ultimo ed altri 2 colleghi, Rocco Schifani e Vito Dicillo. Le due mamme, in collaborazione con l\u2019associazione \u201cLibera\u201d, si sono impegnate a mantener vivo il ricordo delle vittime di mafia, di quel nemico dello Stato che ha causato pi\u00f9 di mille vittime nel corso degli anni. Nell\u2019anno in cui si celebra il trentennale delle stragi di Capaci e via D\u2019Amelio assume ancor pi\u00f9 significato mantenere viva e forte la memoria di chi non c\u2019\u00e8 pi\u00f9; infatti sono diverse le iniziative che la Polizia di Stato sta mettendo e metter\u00e0 in campo nel 2022. L\u2019associazione \u201cQuarto savona quindici\u201d, nata da un\u2019idea di Tina Montinaro, la vedova di Antonio, sar\u00e0 impegnata in un tour itinerante dove esporr\u00e0 in varie citt\u00e0 italiane la teca contenente i resti dall\u2019auto su cui viaggiava la scorta del giudice Falcone. Le prossime date saranno, dal 24 al 27 marzo a Bologna, dal 3 al 5 aprile a Pistoia, dal 12 al 13 aprile a Padova e dal 20 al 24 aprile a Pescara-Teramo-Roseto-Pineto. A Palermo invece gi\u00e0 dallo scorso novembre la questura ha inaugurato la mostra il \u201cBranco di Velasco\u201d, un progetto espositivo realizzato grazie alla collaborazione con la &#8220;Fondazione Falcone&#8221;. Un opera contemporanea realizzata con materiale di recupero composta da 53 sculture, al momento esposta presso il Palazzo dei Normanni di Palermo. <a href=\"http:\/\/www.poliziadistato.it\/articolo\/19966235cb143ffca602127019\" target=\"_blank\" rel=\"nofollow noopener\" class=\"rssmi_more\">leggi tutto<\/a> <\/p>\n<p>From: <a href=\"http:\/\/www.poliziadistato.it\/articolo\/19966235cb143ffca602127019\" target=\"_blank\" title=\"Vittime di mafia, oggi \u00e8 la giornata della memoria\" rel=\"nofollow noopener\">http:\/\/www.poliziadistato.it\/articolo\/19966235cb143ffca602127019<\/a><\/p>\n","protected":false},"excerpt":{"rendered":"<p>Oggi si celebra la \u201cGiornata della Memoria e dell\u2019Impegno in ricordo delle vittime delle mafie\u201d. Una ricorrenza giunta ormai alla 27^ edizione ma che \u00e8 stata instituita formalmente nel 2017 con una legge dello Stato. Una ricorrenza voluta fortemente da 2 donne, la mamma di Roberto Antiochia, poliziotto morto al fianco del commissario Antonio \u201cNinni\u201d Carrar\u00e0 nel 1985 a Palermo e la mamma di Antonio Montinaro, ucciso a Capaci insieme al giudice Giovanni Falcone, alla moglie di quest\u2019ultimo ed altri 2 colleghi, Rocco Schifani e Vito Dicillo. Le due mamme, in collaborazione con l\u2019associazione \u201cLibera\u201d, si sono impegnate a mantener vivo il ricordo delle vittime di mafia, di quel nemico dello Stato che ha causato pi\u00f9 di mille vittime nel corso degli anni. Nell\u2019anno in cui si celebra il trentennale delle stragi di Capaci e via D\u2019Amelio assume ancor pi\u00f9 significato mantenere viva e forte la memoria di chi non c\u2019\u00e8 pi\u00f9; infatti sono diverse le iniziative che la Polizia di Stato sta mettendo e metter\u00e0 in campo nel 2022. L\u2019associazione \u201cQuarto savona quindici\u201d, nata da un\u2019idea di Tina Montinaro, la vedova di Antonio, sar\u00e0 impegnata in un tour itinerante dove esporr\u00e0 in varie citt\u00e0 italiane la teca contenente i resti dall\u2019auto su cui viaggiava la scorta del giudice Falcone. Le prossime date saranno, dal 24 al 27 marzo a Bologna, dal 3 al 5 aprile a Pistoia, dal 12 al 13 aprile a Padova e dal 20 al 24 aprile a Pescara-Teramo-Roseto-Pineto. A Palermo invece gi\u00e0 dallo scorso novembre la questura ha inaugurato la mostra il \u201cBranco di Velasco\u201d, un progetto espositivo realizzato grazie alla collaborazione con la &#8220;Fondazione Falcone&#8221;. Un opera contemporanea realizzata con materiale di recupero composta da 53 sculture, al momento esposta presso il Palazzo dei Normanni di Palermo. <a href=\"http:\/\/www.poliziadistato.it\/articolo\/19966235cb143ffca602127019\" target=\"_blank\" rel=\"nofollow noopener\" class=\"rssmi_more\">leggi tutto<\/a><\/p>\n","protected":false},"author":1,"featured_media":0,"comment_status":"open","ping_status":"closed","sticky":false,"template":"","format":"standard","meta":{"footnotes":""},"categories":[6],"tags":[],"class_list":["post-9281","post","type-post","status-publish","format-standard","hentry","category-notizie"],"_links":{"self":[{"href":"https:\/\/www.psagroup.it\/en\/wp-json\/wp\/v2\/posts\/9281","targetHints":{"allow":["GET"]}}],"collection":[{"href":"https:\/\/www.psagroup.it\/en\/wp-json\/wp\/v2\/posts"}],"about":[{"href":"https:\/\/www.psagroup.it\/en\/wp-json\/wp\/v2\/types\/post"}],"author":[{"embeddable":true,"href":"https:\/\/www.psagroup.it\/en\/wp-json\/wp\/v2\/users\/1"}],"replies":[{"embeddable":true,"href":"https:\/\/www.psagroup.it\/en\/wp-json\/wp\/v2\/comments?post=9281"}],"version-history":[{"count":0,"href":"https:\/\/www.psagroup.it\/en\/wp-json\/wp\/v2\/posts\/9281\/revisions"}],"wp:attachment":[{"href":"https:\/\/www.psagroup.it\/en\/wp-json\/wp\/v2\/media?parent=9281"}],"wp:term":[{"taxonomy":"category","embeddable":true,"href":"https:\/\/www.psagroup.it\/en\/wp-json\/wp\/v2\/categories?post=9281"},{"taxonomy":"post_tag","embeddable":true,"href":"https:\/\/www.psagroup.it\/en\/wp-json\/wp\/v2\/tags?post=9281"}],"curies":[{"name":"wp","href":"https:\/\/api.w.org\/{rel}","templated":true}]}}