{"id":9273,"date":"2022-03-18T13:24:43","date_gmt":"2022-03-18T13:24:43","guid":{"rendered":"https:\/\/www.psagroup.it\/2022\/03\/18\/il-prefetto-rizzi-in-belgio-per-incontro-sulla-criminalita-organizzata\/"},"modified":"2022-03-18T13:24:43","modified_gmt":"2022-03-18T13:24:43","slug":"il-prefetto-rizzi-in-belgio-per-incontro-sulla-criminalita-organizzata","status":"publish","type":"post","link":"https:\/\/www.psagroup.it\/en\/2022\/03\/18\/il-prefetto-rizzi-in-belgio-per-incontro-sulla-criminalita-organizzata\/","title":{"rendered":"Il prefetto Rizzi in Belgio per incontro sulla criminalit\u00e0 organizzata"},"content":{"rendered":"<p>Metamorfosi, digitalizzazione e globalizzazione della criminalit\u00e0 organizzata, questi i temi affrontati durante la visita istituzionale in Belgio del vice capo della Polizia Vittorio Rizzi. Dopo l\u2019incontro con l\u2019ambasciatore d\u2019Italia in Belgio Francesco Genuardi e l\u2019ambasciatore Pietro Benassi, consigliere diplomatico alla rappresentanza permanente d\u2019Italia presso l\u2019Unione Europea, la delegazione si \u00e8 confrontata sull\u2019organizzazione e sull\u2019operativit\u00e0 nel contrasto al crimine con il commissioner general Marc de Mesmaeker, direttore generale della Polizia Federale, e con Eric Snoeck, direttore generale della polizia giudiziaria federale. Gli stessi temi, riportati in ambito accademico, sono stati il focus della lectio magistralis del vice direttore generale della P.S. Vittorio Rizzi presso la facolt\u00e0 di Criminologia dell\u2019Universit\u00e0 di Leuven, un ateneo fondato nel 1425, tra i pi\u00f9 antichi e prestigiosi d\u2019Europa. Dopo un\u2019apertura dell\u2019ambasciatore Francesco Genuardi e della ministra degli Interni del Belgio, Annelies Verlinden, il direttore centrale della Polizia criminale\u00a0Vittorio Rizzi ha richiamato l\u2019attenzione della comunit\u00e0 scientifica sulla necessit\u00e0 di liberarsi da pregiudizi e stereotipi sulla criminalit\u00e0 organizzata italiana. Il prefetto Rizzi si \u00e8 soffermato in particolare sulla \u2018Ndrangheta, che non \u00e8 pi\u00f9 mafia folcloristica e rurale come in passato veniva erroneamente percepita in vari Paesi del mondo, ma fenomeno criminale contemporaneo, completamente integrato nella societ\u00e0 globalizzata, spesso un passo avanti nell\u2019utilizzo della tecnologia e nell\u2019individuazione di nuovi mercati per accrescere business e traffici illeciti. <a href=\"http:\/\/www.poliziadistato.it\/articolo\/3862346ab44d852153998984\" target=\"_blank\" rel=\"nofollow noopener\" class=\"rssmi_more\">leggi tutto<\/a> <\/p>\n<p>From: <a href=\"http:\/\/www.poliziadistato.it\/articolo\/3862346ab44d852153998984\" target=\"_blank\" title=\"Il prefetto Rizzi in Belgio per incontro sulla criminalit\u00e0 organizzata\" rel=\"nofollow noopener\">http:\/\/www.poliziadistato.it\/articolo\/3862346ab44d852153998984<\/a><\/p>\n","protected":false},"excerpt":{"rendered":"<p>Metamorfosi, digitalizzazione e globalizzazione della criminalit\u00e0 organizzata, questi i temi affrontati durante la visita istituzionale in Belgio del vice capo della Polizia Vittorio Rizzi. Dopo l\u2019incontro con l\u2019ambasciatore d\u2019Italia in Belgio Francesco Genuardi e l\u2019ambasciatore Pietro Benassi, consigliere diplomatico alla rappresentanza permanente d\u2019Italia presso l\u2019Unione Europea, la delegazione si \u00e8 confrontata sull\u2019organizzazione e sull\u2019operativit\u00e0 nel contrasto al crimine con il commissioner general Marc de Mesmaeker, direttore generale della Polizia Federale, e con Eric Snoeck, direttore generale della polizia giudiziaria federale. Gli stessi temi, riportati in ambito accademico, sono stati il focus della lectio magistralis del vice direttore generale della P.S. Vittorio Rizzi presso la facolt\u00e0 di Criminologia dell\u2019Universit\u00e0 di Leuven, un ateneo fondato nel 1425, tra i pi\u00f9 antichi e prestigiosi d\u2019Europa. Dopo un\u2019apertura dell\u2019ambasciatore Francesco Genuardi e della ministra degli Interni del Belgio, Annelies Verlinden, il direttore centrale della Polizia criminale\u00a0Vittorio Rizzi ha richiamato l\u2019attenzione della comunit\u00e0 scientifica sulla necessit\u00e0 di liberarsi da pregiudizi e stereotipi sulla criminalit\u00e0 organizzata italiana. Il prefetto Rizzi si \u00e8 soffermato in particolare sulla \u2018Ndrangheta, che non \u00e8 pi\u00f9 mafia folcloristica e rurale come in passato veniva erroneamente percepita in vari Paesi del mondo, ma fenomeno criminale contemporaneo, completamente integrato nella societ\u00e0 globalizzata, spesso un passo avanti nell\u2019utilizzo della tecnologia e nell\u2019individuazione di nuovi mercati per accrescere business e traffici illeciti. <a href=\"http:\/\/www.poliziadistato.it\/articolo\/3862346ab44d852153998984\" target=\"_blank\" rel=\"nofollow noopener\" class=\"rssmi_more\">leggi tutto<\/a><\/p>\n","protected":false},"author":1,"featured_media":0,"comment_status":"open","ping_status":"closed","sticky":false,"template":"","format":"standard","meta":{"footnotes":""},"categories":[6],"tags":[],"class_list":["post-9273","post","type-post","status-publish","format-standard","hentry","category-notizie"],"_links":{"self":[{"href":"https:\/\/www.psagroup.it\/en\/wp-json\/wp\/v2\/posts\/9273","targetHints":{"allow":["GET"]}}],"collection":[{"href":"https:\/\/www.psagroup.it\/en\/wp-json\/wp\/v2\/posts"}],"about":[{"href":"https:\/\/www.psagroup.it\/en\/wp-json\/wp\/v2\/types\/post"}],"author":[{"embeddable":true,"href":"https:\/\/www.psagroup.it\/en\/wp-json\/wp\/v2\/users\/1"}],"replies":[{"embeddable":true,"href":"https:\/\/www.psagroup.it\/en\/wp-json\/wp\/v2\/comments?post=9273"}],"version-history":[{"count":0,"href":"https:\/\/www.psagroup.it\/en\/wp-json\/wp\/v2\/posts\/9273\/revisions"}],"wp:attachment":[{"href":"https:\/\/www.psagroup.it\/en\/wp-json\/wp\/v2\/media?parent=9273"}],"wp:term":[{"taxonomy":"category","embeddable":true,"href":"https:\/\/www.psagroup.it\/en\/wp-json\/wp\/v2\/categories?post=9273"},{"taxonomy":"post_tag","embeddable":true,"href":"https:\/\/www.psagroup.it\/en\/wp-json\/wp\/v2\/tags?post=9273"}],"curies":[{"name":"wp","href":"https:\/\/api.w.org\/{rel}","templated":true}]}}