{"id":9258,"date":"2022-03-17T13:28:01","date_gmt":"2022-03-17T13:28:01","guid":{"rendered":"https:\/\/www.psagroup.it\/2022\/03\/17\/presentato-a-roma-il-docufilm-haters-e-piccoli-eroi\/"},"modified":"2022-03-17T13:28:01","modified_gmt":"2022-03-17T13:28:01","slug":"presentato-a-roma-il-docufilm-haters-e-piccoli-eroi","status":"publish","type":"post","link":"https:\/\/www.psagroup.it\/en\/2022\/03\/17\/presentato-a-roma-il-docufilm-haters-e-piccoli-eroi\/","title":{"rendered":"Presentato a Roma il docufilm \u201cHaters e piccoli eroi\u201d"},"content":{"rendered":"<p>\u00a0 \u00c8 stato presentato, questa mattina, presso l\u2019Auditorium parco della Musica di Roma, alla presenza del capo della Polizia Lamberto Giannini, il docufilm \u201cHaters e piccoli eroi\u201d, con protagonista Valerio Catoia, ragazzo con la sindrome di Down nominato &#8220;Alfiere della Repubblica&#8221; e &#8220;Poliziotto ad Honorem\u201d. Il video \u00e8 stato realizzato dalla Polizia di Stato in collaborazione con l\u2019istituto di cinematografia \u201cRoberto Rossellini\u201d di Roma e narra la storia di questo ragazzo speciale, raccontata da ragazzi come lui, attraverso un linguaggio amato dagli adolescenti, per combattere il cyberbullismo. Valerio \u00e8 un campione dei Gruppi sportivi Paralimpici italiani e, a soli 17 anni, ha salvato da sicuro annegamento una bambina di 10 anni travolta dalle onde del mare. Nonostante il gesto eroico e i riconoscimenti istituzionali conseguiti, \u00e8 stato oggetto di ripetuti insulti sui canali social. Grazie anche al sostegno della famiglia, Valerio non si \u00e8 abbattuto ed oggi \u00e8 diventato il testimonial della campagna Polizia postale per prevenire il fenomeno del cyberbullismo tra gli adolescenti. All\u2019evento, presentato dal giornalista e conduttore televisivo Giulio Golia davanti ad oltre 1000 studenti delle scuole di Roma, erano presenti i vice capo della Polizia Maria Luisa Pellizzari, il direttore centrale delle specialit\u00e0 Daniela Stradiotto, il direttore dell&#8217;istituenda direzione della Polizia cibernetica Antonio Borrelli e l&#8217;autorita\u2019 garante per l\u2019infanzia e l\u2019adoloscenza Carla Garlatti. La proiezione del docufilm \u00e8 stata descritta dal professore Massimo Franchi, che ha curato anche la regia e da Marco Valensise, studente dell\u2019Istituto Rossellini che ha partecipato alla realizzazione del cortometraggio. \u00c8 toccato poi a Valerio salire sul palco accompagnato dalla sorella Gaia, che assieme a don Antonio Coluccia, fondatore dell\u2019Opera don Giustino e promotore di diverse iniziative sociali anche con la Polizia di Stato, Erica Torino,\u00a0un&#8217;amica scout di Valerio\u00a0e l\u2019atleta delle Fiamme oro della Polizia di Stato Massimo Stano, medaglia d\u2019oro ai giochi olimpici di Tokio 2020, hanno partecipato ad un dibattito che ha riguardato i giovani ed il cyberbullismo. L&#8217;intervento conclusivo \u00e8 stato affidato al capo della Polizia che ha sottolineato \u201cValerio \u00e8 un esempio magnifico di normalit\u00e0, generosit\u00e0 e altruismo ma anche di capacit\u00e0 nello sport. \u00c8 un ragazzo eccezionale che ha messo a rischio la propria vita per fare un salvataggio&#8221;. Il prefetto Giannini ha continuato dicendo \u201cIo penso che la forza della normalit\u00e0 sia una delle forze pi\u00f9 grandi\u201d ed ha incoraggiato i ragazzi presenti in sala a fare squadra contro il cyberbullismo \u201c Noi ci siamo e penso che vi possiamo dare una mano forte ma penso anche che voi possiate darci una mano forte a combattere certi comportamenti sbagliati. Tutto questo si pu\u00f2 fare insieme&#8221;. Infine, gli ospiti presenti hanno assistito all&#8217;esibizione della ensemble di fiati e percussioni composta da 11 musicisti della juniorchestra dell\u2019Accademia nazionale di Santa Cecilia che, diretti da Ludovica Scoppola, hanno eseguito un brano tratto da \u201cwater music\u201d, composto da Georg Friedrich H\u00e4ndel. Il video, dopo la presentazione ufficiale, diventer\u00e0 oggetto di una Campagna informativa, rivolta alle scuole, su tutto il territorio nazionale e la distribuzione avverr\u00e0 anche attraverso le pagine social <a href=\"http:\/\/www.poliziadistato.it\/articolo\/156231be1977d8a992039612\" target=\"_blank\" rel=\"nofollow noopener\" class=\"rssmi_more\">leggi tutto<\/a> <\/p>\n<p>From: <a href=\"http:\/\/www.poliziadistato.it\/articolo\/156231be1977d8a992039612\" target=\"_blank\" title=\"Presentato a Roma il docufilm \u201cHaters e piccoli eroi\u201d\" rel=\"nofollow noopener\">http:\/\/www.poliziadistato.it\/articolo\/156231be1977d8a992039612<\/a><\/p>\n","protected":false},"excerpt":{"rendered":"<p>\u00a0 \u00c8 stato presentato, questa mattina, presso l\u2019Auditorium parco della Musica di Roma, alla presenza del capo della Polizia Lamberto Giannini, il docufilm \u201cHaters e piccoli eroi\u201d, con protagonista Valerio Catoia, ragazzo con la sindrome di Down nominato &#8220;Alfiere della Repubblica&#8221; e &#8220;Poliziotto ad Honorem\u201d. Il video \u00e8 stato realizzato dalla Polizia di Stato in collaborazione con l\u2019istituto di cinematografia \u201cRoberto Rossellini\u201d di Roma e narra la storia di questo ragazzo speciale, raccontata da ragazzi come lui, attraverso un linguaggio amato dagli adolescenti, per combattere il cyberbullismo. Valerio \u00e8 un campione dei Gruppi sportivi Paralimpici italiani e, a soli 17 anni, ha salvato da sicuro annegamento una bambina di 10 anni travolta dalle onde del mare. Nonostante il gesto eroico e i riconoscimenti istituzionali conseguiti, \u00e8 stato oggetto di ripetuti insulti sui canali social. Grazie anche al sostegno della famiglia, Valerio non si \u00e8 abbattuto ed oggi \u00e8 diventato il testimonial della campagna Polizia postale per prevenire il fenomeno del cyberbullismo tra gli adolescenti. All\u2019evento, presentato dal giornalista e conduttore televisivo Giulio Golia davanti ad oltre 1000 studenti delle scuole di Roma, erano presenti i vice capo della Polizia Maria Luisa Pellizzari, il direttore centrale delle specialit\u00e0 Daniela Stradiotto, il direttore dell&#8217;istituenda direzione della Polizia cibernetica Antonio Borrelli e l&#8217;autorita\u2019 garante per l\u2019infanzia e l\u2019adoloscenza Carla Garlatti. La proiezione del docufilm \u00e8 stata descritta dal professore Massimo Franchi, che ha curato anche la regia e da Marco Valensise, studente dell\u2019Istituto Rossellini che ha partecipato alla realizzazione del cortometraggio. \u00c8 toccato poi a Valerio salire sul palco accompagnato dalla sorella Gaia, che assieme a don Antonio Coluccia, fondatore dell\u2019Opera don Giustino e promotore di diverse iniziative sociali anche con la Polizia di Stato, Erica Torino,\u00a0un&#8217;amica scout di Valerio\u00a0e l\u2019atleta delle Fiamme oro della Polizia di Stato Massimo Stano, medaglia d\u2019oro ai giochi olimpici di Tokio 2020, hanno partecipato ad un dibattito che ha riguardato i giovani ed il cyberbullismo. L&#8217;intervento conclusivo \u00e8 stato affidato al capo della Polizia che ha sottolineato \u201cValerio \u00e8 un esempio magnifico di normalit\u00e0, generosit\u00e0 e altruismo ma anche di capacit\u00e0 nello sport. \u00c8 un ragazzo eccezionale che ha messo a rischio la propria vita per fare un salvataggio&#8221;. Il prefetto Giannini ha continuato dicendo \u201cIo penso che la forza della normalit\u00e0 sia una delle forze pi\u00f9 grandi\u201d ed ha incoraggiato i ragazzi presenti in sala a fare squadra contro il cyberbullismo \u201c Noi ci siamo e penso che vi possiamo dare una mano forte ma penso anche che voi possiate darci una mano forte a combattere certi comportamenti sbagliati. Tutto questo si pu\u00f2 fare insieme&#8221;. Infine, gli ospiti presenti hanno assistito all&#8217;esibizione della ensemble di fiati e percussioni composta da 11 musicisti della juniorchestra dell\u2019Accademia nazionale di Santa Cecilia che, diretti da Ludovica Scoppola, hanno eseguito un brano tratto da \u201cwater music\u201d, composto da Georg Friedrich H\u00e4ndel. Il video, dopo la presentazione ufficiale, diventer\u00e0 oggetto di una Campagna informativa, rivolta alle scuole, su tutto il territorio nazionale e la distribuzione avverr\u00e0 anche attraverso le pagine social <a href=\"http:\/\/www.poliziadistato.it\/articolo\/156231be1977d8a992039612\" target=\"_blank\" rel=\"nofollow noopener\" class=\"rssmi_more\">leggi tutto<\/a><\/p>\n","protected":false},"author":1,"featured_media":0,"comment_status":"open","ping_status":"closed","sticky":false,"template":"","format":"standard","meta":{"footnotes":""},"categories":[6],"tags":[],"class_list":["post-9258","post","type-post","status-publish","format-standard","hentry","category-notizie"],"_links":{"self":[{"href":"https:\/\/www.psagroup.it\/en\/wp-json\/wp\/v2\/posts\/9258","targetHints":{"allow":["GET"]}}],"collection":[{"href":"https:\/\/www.psagroup.it\/en\/wp-json\/wp\/v2\/posts"}],"about":[{"href":"https:\/\/www.psagroup.it\/en\/wp-json\/wp\/v2\/types\/post"}],"author":[{"embeddable":true,"href":"https:\/\/www.psagroup.it\/en\/wp-json\/wp\/v2\/users\/1"}],"replies":[{"embeddable":true,"href":"https:\/\/www.psagroup.it\/en\/wp-json\/wp\/v2\/comments?post=9258"}],"version-history":[{"count":0,"href":"https:\/\/www.psagroup.it\/en\/wp-json\/wp\/v2\/posts\/9258\/revisions"}],"wp:attachment":[{"href":"https:\/\/www.psagroup.it\/en\/wp-json\/wp\/v2\/media?parent=9258"}],"wp:term":[{"taxonomy":"category","embeddable":true,"href":"https:\/\/www.psagroup.it\/en\/wp-json\/wp\/v2\/categories?post=9258"},{"taxonomy":"post_tag","embeddable":true,"href":"https:\/\/www.psagroup.it\/en\/wp-json\/wp\/v2\/tags?post=9258"}],"curies":[{"name":"wp","href":"https:\/\/api.w.org\/{rel}","templated":true}]}}