{"id":9236,"date":"2022-03-15T13:23:20","date_gmt":"2022-03-15T13:23:20","guid":{"rendered":"https:\/\/www.psagroup.it\/2022\/03\/15\/il-capo-della-polizia-a-mesagne-per-i-30-anni-del-commissariato\/"},"modified":"2022-03-15T13:23:20","modified_gmt":"2022-03-15T13:23:20","slug":"il-capo-della-polizia-a-mesagne-per-i-30-anni-del-commissariato","status":"publish","type":"post","link":"https:\/\/www.psagroup.it\/en\/2022\/03\/15\/il-capo-della-polizia-a-mesagne-per-i-30-anni-del-commissariato\/","title":{"rendered":"Il capo della Polizia a Mesagne per i 30 anni del commissariato"},"content":{"rendered":"<p>Era il 15 marzo del 1992 quando a Mesagne, in provincia di Brindisi, venne istituito il commissariato di Pubblica sicurezza. L\u2019ufficio della Polizia di Stato nacque per contrastare l\u2019ascesa della criminalit\u00e0 organizzata locale e garantire cos\u00ec un presidio di legalit\u00e0 ai cittadini mesagnesi. Oggi, alla presenza del capo della Polizia Lamberto Giannini, \u00e8 stato celebrato il trentennale con una cerimonia all\u2019interno della sala Nobile dello storico Castello normanno-svevo. All\u2019evento erano presenti il prefetto ed il questore di Brindisi, rispettivamente Carolina Bellantoni e Ferdinando Rossi ed\u00a0il sindaco di Mesagne Antonio Matarrelli. Il capo della Polizia nel suo intervento conclusivo ha voluto sottolineare \u201c\u00c8 motivo di grande orgoglio per me essere qui, aver sentito forte l&#8217;affetto di questa comunit\u00e0 e aver percepito la vicinanza tra la comunit\u00e0 e la Polizia di Stato. \u00c8 il riconoscimento di un percorso trentennale che ha portato dei frutti e dei risultati che all&#8217;epoca forse non si riuscivano nemmeno a immaginare. \u00a0In quel periodo sono stato a lungo in Puglia in servizio e ricordo l\u2019aggressione pesante della criminalit\u00e0 verso questa comunit\u00e0 laboriosa ed onesta. La reazione dello Stato \u00e8 stata la creazione di un presidio di Polizia che ha portato effetti concreti, ripristinando la legalit\u00e0.<br \/>\nLa forza della Polizia di Stato \u00e8 nel legame con i cittadini, \u00e8 l\u2019essere vicini ai cittadini. Per noi, tutto ci\u00f2 \u00e8 motivo di grandissima soddisfazione. \u00c8 un modo per noi di rinnovare un patto di legalit\u00e0 con la comunit\u00e0, \u00e8 l\u2019opportunit\u00e0 di dimostrare, soprattutto in questo durissimo periodo, solidariet\u00e0 e vicinanza alla popolazione\u201d La storia del commissariato, e dell\u2019impegno delle sue donne e dei suoi uomini nel contrasto alla criminalit\u00e0, sono raccontati nella mostra fotografica \u201cdal buio alla luce\u201d inaugurata proprio questa mattina dal prefetto Giannini. Al termine della cerimonia, il direttore generale della Pubblica Sicurezza ha ricevuto, da una rappresentanza di studenti delle scuole elementari, una lettera, nella quale i ragazzi hanno voluto ringraziare i poliziotti, gli appartenenti alle altre forze di polizia e i magistrati per l\u2019impegno con il quale \u201channo liberato il castello dal drago\u00a0che ora non fa pi\u00f9 paura\u201d. A ricordo di questa data storica per la citt\u00e0 salentina, il direttore provinciale di Poste italiane Cosimo Andriuolo ha proceduto all\u2019annullo filatelico celebrativo della ricorrenza del trentennale del Commissariato di Mesagne. Il capo della Polizia Giannini ha infine incontrato, presso la questura di Brindisi, una rappresentanza di dirigenti, funzionari e personale della Polizia di Stato e dell\u2019Amministrazione civile dell\u2019Interno, nonch\u00e9 delle organizzazioni sindacali e dell\u2019Associazione nazionale Polizia di Stato. \u00a0 <a href=\"http:\/\/www.poliziadistato.it\/articolo\/199662304d48c36ad874461256\" target=\"_blank\" rel=\"nofollow noopener\" class=\"rssmi_more\">leggi tutto<\/a> <\/p>\n<p>From: <a href=\"http:\/\/www.poliziadistato.it\/articolo\/199662304d48c36ad874461256\" target=\"_blank\" title=\"Il capo della Polizia a Mesagne per i 30 anni del commissariato\" rel=\"nofollow noopener\">http:\/\/www.poliziadistato.it\/articolo\/199662304d48c36ad874461256<\/a><\/p>\n","protected":false},"excerpt":{"rendered":"<p>Era il 15 marzo del 1992 quando a Mesagne, in provincia di Brindisi, venne istituito il commissariato di Pubblica sicurezza. L\u2019ufficio della Polizia di Stato nacque per contrastare l\u2019ascesa della criminalit\u00e0 organizzata locale e garantire cos\u00ec un presidio di legalit\u00e0 ai cittadini mesagnesi. Oggi, alla presenza del capo della Polizia Lamberto Giannini, \u00e8 stato celebrato il trentennale con una cerimonia all\u2019interno della sala Nobile dello storico Castello normanno-svevo. All\u2019evento erano presenti il prefetto ed il questore di Brindisi, rispettivamente Carolina Bellantoni e Ferdinando Rossi ed\u00a0il sindaco di Mesagne Antonio Matarrelli. Il capo della Polizia nel suo intervento conclusivo ha voluto sottolineare \u201c\u00c8 motivo di grande orgoglio per me essere qui, aver sentito forte l&#8217;affetto di questa comunit\u00e0 e aver percepito la vicinanza tra la comunit\u00e0 e la Polizia di Stato. \u00c8 il riconoscimento di un percorso trentennale che ha portato dei frutti e dei risultati che all&#8217;epoca forse non si riuscivano nemmeno a immaginare. \u00a0In quel periodo sono stato a lungo in Puglia in servizio e ricordo l\u2019aggressione pesante della criminalit\u00e0 verso questa comunit\u00e0 laboriosa ed onesta. La reazione dello Stato \u00e8 stata la creazione di un presidio di Polizia che ha portato effetti concreti, ripristinando la legalit\u00e0.<br \/>\nLa forza della Polizia di Stato \u00e8 nel legame con i cittadini, \u00e8 l\u2019essere vicini ai cittadini. Per noi, tutto ci\u00f2 \u00e8 motivo di grandissima soddisfazione. \u00c8 un modo per noi di rinnovare un patto di legalit\u00e0 con la comunit\u00e0, \u00e8 l\u2019opportunit\u00e0 di dimostrare, soprattutto in questo durissimo periodo, solidariet\u00e0 e vicinanza alla popolazione\u201d La storia del commissariato, e dell\u2019impegno delle sue donne e dei suoi uomini nel contrasto alla criminalit\u00e0, sono raccontati nella mostra fotografica \u201cdal buio alla luce\u201d inaugurata proprio questa mattina dal prefetto Giannini. Al termine della cerimonia, il direttore generale della Pubblica Sicurezza ha ricevuto, da una rappresentanza di studenti delle scuole elementari, una lettera, nella quale i ragazzi hanno voluto ringraziare i poliziotti, gli appartenenti alle altre forze di polizia e i magistrati per l\u2019impegno con il quale \u201channo liberato il castello dal drago\u00a0che ora non fa pi\u00f9 paura\u201d. A ricordo di questa data storica per la citt\u00e0 salentina, il direttore provinciale di Poste italiane Cosimo Andriuolo ha proceduto all\u2019annullo filatelico celebrativo della ricorrenza del trentennale del Commissariato di Mesagne. Il capo della Polizia Giannini ha infine incontrato, presso la questura di Brindisi, una rappresentanza di dirigenti, funzionari e personale della Polizia di Stato e dell\u2019Amministrazione civile dell\u2019Interno, nonch\u00e9 delle organizzazioni sindacali e dell\u2019Associazione nazionale Polizia di Stato. \u00a0 <a href=\"http:\/\/www.poliziadistato.it\/articolo\/199662304d48c36ad874461256\" target=\"_blank\" rel=\"nofollow noopener\" class=\"rssmi_more\">leggi tutto<\/a><\/p>\n","protected":false},"author":1,"featured_media":0,"comment_status":"open","ping_status":"closed","sticky":false,"template":"","format":"standard","meta":{"footnotes":""},"categories":[6],"tags":[],"class_list":["post-9236","post","type-post","status-publish","format-standard","hentry","category-notizie"],"_links":{"self":[{"href":"https:\/\/www.psagroup.it\/en\/wp-json\/wp\/v2\/posts\/9236","targetHints":{"allow":["GET"]}}],"collection":[{"href":"https:\/\/www.psagroup.it\/en\/wp-json\/wp\/v2\/posts"}],"about":[{"href":"https:\/\/www.psagroup.it\/en\/wp-json\/wp\/v2\/types\/post"}],"author":[{"embeddable":true,"href":"https:\/\/www.psagroup.it\/en\/wp-json\/wp\/v2\/users\/1"}],"replies":[{"embeddable":true,"href":"https:\/\/www.psagroup.it\/en\/wp-json\/wp\/v2\/comments?post=9236"}],"version-history":[{"count":0,"href":"https:\/\/www.psagroup.it\/en\/wp-json\/wp\/v2\/posts\/9236\/revisions"}],"wp:attachment":[{"href":"https:\/\/www.psagroup.it\/en\/wp-json\/wp\/v2\/media?parent=9236"}],"wp:term":[{"taxonomy":"category","embeddable":true,"href":"https:\/\/www.psagroup.it\/en\/wp-json\/wp\/v2\/categories?post=9236"},{"taxonomy":"post_tag","embeddable":true,"href":"https:\/\/www.psagroup.it\/en\/wp-json\/wp\/v2\/tags?post=9236"}],"curies":[{"name":"wp","href":"https:\/\/api.w.org\/{rel}","templated":true}]}}