{"id":9220,"date":"2022-03-12T13:42:09","date_gmt":"2022-03-12T13:42:09","guid":{"rendered":"https:\/\/www.psagroup.it\/2022\/03\/12\/contrasto-al-terrorismo-settimana-di-confronto-in-israele\/"},"modified":"2022-03-12T13:42:09","modified_gmt":"2022-03-12T13:42:09","slug":"contrasto-al-terrorismo-settimana-di-confronto-in-israele","status":"publish","type":"post","link":"https:\/\/www.psagroup.it\/en\/2022\/03\/12\/contrasto-al-terrorismo-settimana-di-confronto-in-israele\/","title":{"rendered":"Contrasto al terrorismo. Settimana di confronto in Israele"},"content":{"rendered":"<p>A Gerusalemme, nell\u2019ambito della cooperazione bilaterale con lo stato di Israele, si \u00e8 svolto il seminario organizzato dall\u2019Unione delle Comunit\u00e0 Ebraiche italiane, in collaborazione con il Ministero degli Affari della Diaspora israeliano, sul tema delle future sfide del terrore globale e dell\u2019antisemitismo. Alla settimana di incontri hanno preso parte funzionari della Polizia di Stato e ufficiali della Guardia di finanza e dell&#8217;Arma dei carabinieri. L&#8217;evento, alla cui organizzazione e realizzazione ha collaborato il Servizio relazioni internazionali dell\u2019Ufficio per il coordinamento e la pianificazione delle Forze di polizia, \u00e8 stato preceduto da un importante momento di condivisione di valori ed obiettivi tra l\u2019ambasciatore d\u2019Israele in Italia Dror Eydar ed il capo della Polizia-Direttore generale della Pubblica sicurezza Lamberto Giannini, alla presenza dei comandanti generali dell\u2019Arma dei carabinieri e della Guardia di finanza. Alla cerimonia commemorativa, allo Yad Vashem di Gerusalemme, sono seguite visite e seminari sui temi quali l\u2019antisemitismo, le minacce terroristiche ed il concetto di attacco terroristico nel contesto nazionale fortemente influenzato dall\u2019ambiente culturale e religioso, nonch\u00e9 le modalit\u00e0 di addestramento del personale impiegato nelle forze dell\u2019ordine. Gli incontri hanno riguardato poi ulteriori tematiche specialistiche quali le minacce cybernetiche e le attivit\u00e0 di artificieri e di sabotaggio. Fondamentali i momenti di condivisione di buone prassi durante i quali gli esperti italiani hanno presentato casi pratici, come pure le visite presso la Police security array di Gerusalemme e la centrale del Megen David Adom, pronto soccorso nazionale. La settimana di confronto \u00e8 stata anche l&#8217;occasione per rafforzare il legame e la collaborazione tra i due Stati, che vedr\u00e0 un ulteriore momento di avvicinamento nella seconda met\u00e0 del mese di marzo, in occasione della riunione del tavolo tecnico bilaterale italo \u2013 israeliano. <a href=\"http:\/\/www.poliziadistato.it\/articolo\/2475622c8555267cc952039067\" target=\"_blank\" rel=\"nofollow noopener\" class=\"rssmi_more\">leggi tutto<\/a> <\/p>\n<p>From: <a href=\"http:\/\/www.poliziadistato.it\/articolo\/2475622c8555267cc952039067\" target=\"_blank\" title=\"Contrasto al terrorismo. Settimana di confronto in Israele\" rel=\"nofollow noopener\">http:\/\/www.poliziadistato.it\/articolo\/2475622c8555267cc952039067<\/a><\/p>\n","protected":false},"excerpt":{"rendered":"<p>A Gerusalemme, nell\u2019ambito della cooperazione bilaterale con lo stato di Israele, si \u00e8 svolto il seminario organizzato dall\u2019Unione delle Comunit\u00e0 Ebraiche italiane, in collaborazione con il Ministero degli Affari della Diaspora israeliano, sul tema delle future sfide del terrore globale e dell\u2019antisemitismo. Alla settimana di incontri hanno preso parte funzionari della Polizia di Stato e ufficiali della Guardia di finanza e dell&#8217;Arma dei carabinieri. L&#8217;evento, alla cui organizzazione e realizzazione ha collaborato il Servizio relazioni internazionali dell\u2019Ufficio per il coordinamento e la pianificazione delle Forze di polizia, \u00e8 stato preceduto da un importante momento di condivisione di valori ed obiettivi tra l\u2019ambasciatore d\u2019Israele in Italia Dror Eydar ed il capo della Polizia-Direttore generale della Pubblica sicurezza Lamberto Giannini, alla presenza dei comandanti generali dell\u2019Arma dei carabinieri e della Guardia di finanza. Alla cerimonia commemorativa, allo Yad Vashem di Gerusalemme, sono seguite visite e seminari sui temi quali l\u2019antisemitismo, le minacce terroristiche ed il concetto di attacco terroristico nel contesto nazionale fortemente influenzato dall\u2019ambiente culturale e religioso, nonch\u00e9 le modalit\u00e0 di addestramento del personale impiegato nelle forze dell\u2019ordine. Gli incontri hanno riguardato poi ulteriori tematiche specialistiche quali le minacce cybernetiche e le attivit\u00e0 di artificieri e di sabotaggio. Fondamentali i momenti di condivisione di buone prassi durante i quali gli esperti italiani hanno presentato casi pratici, come pure le visite presso la Police security array di Gerusalemme e la centrale del Megen David Adom, pronto soccorso nazionale. La settimana di confronto \u00e8 stata anche l&#8217;occasione per rafforzare il legame e la collaborazione tra i due Stati, che vedr\u00e0 un ulteriore momento di avvicinamento nella seconda met\u00e0 del mese di marzo, in occasione della riunione del tavolo tecnico bilaterale italo \u2013 israeliano. <a href=\"http:\/\/www.poliziadistato.it\/articolo\/2475622c8555267cc952039067\" target=\"_blank\" rel=\"nofollow noopener\" class=\"rssmi_more\">leggi tutto<\/a><\/p>\n","protected":false},"author":1,"featured_media":0,"comment_status":"open","ping_status":"closed","sticky":false,"template":"","format":"standard","meta":{"footnotes":""},"categories":[6],"tags":[],"class_list":["post-9220","post","type-post","status-publish","format-standard","hentry","category-notizie"],"_links":{"self":[{"href":"https:\/\/www.psagroup.it\/en\/wp-json\/wp\/v2\/posts\/9220","targetHints":{"allow":["GET"]}}],"collection":[{"href":"https:\/\/www.psagroup.it\/en\/wp-json\/wp\/v2\/posts"}],"about":[{"href":"https:\/\/www.psagroup.it\/en\/wp-json\/wp\/v2\/types\/post"}],"author":[{"embeddable":true,"href":"https:\/\/www.psagroup.it\/en\/wp-json\/wp\/v2\/users\/1"}],"replies":[{"embeddable":true,"href":"https:\/\/www.psagroup.it\/en\/wp-json\/wp\/v2\/comments?post=9220"}],"version-history":[{"count":0,"href":"https:\/\/www.psagroup.it\/en\/wp-json\/wp\/v2\/posts\/9220\/revisions"}],"wp:attachment":[{"href":"https:\/\/www.psagroup.it\/en\/wp-json\/wp\/v2\/media?parent=9220"}],"wp:term":[{"taxonomy":"category","embeddable":true,"href":"https:\/\/www.psagroup.it\/en\/wp-json\/wp\/v2\/categories?post=9220"},{"taxonomy":"post_tag","embeddable":true,"href":"https:\/\/www.psagroup.it\/en\/wp-json\/wp\/v2\/tags?post=9220"}],"curies":[{"name":"wp","href":"https:\/\/api.w.org\/{rel}","templated":true}]}}