{"id":9175,"date":"2022-03-09T13:37:39","date_gmt":"2022-03-09T13:37:39","guid":{"rendered":"https:\/\/www.psagroup.it\/2022\/03\/09\/il-numero-di-marzo-di-poliziamoderna\/"},"modified":"2022-03-09T13:37:39","modified_gmt":"2022-03-09T13:37:39","slug":"il-numero-di-marzo-di-poliziamoderna","status":"publish","type":"post","link":"https:\/\/www.psagroup.it\/en\/2022\/03\/09\/il-numero-di-marzo-di-poliziamoderna\/","title":{"rendered":"Il numero di marzo di Poliziamoderna"},"content":{"rendered":"<p>In un approfondimento del numero di marzo di Poliziamoderna, conoscerete le moderne tecnologie di riconoscimento facciale utilizzate dalla Polizia scientifica e i limiti normativi entro i quali possono essere utilizzate. La tecnologia utilizzata \u00e8 basata sugli stessi algoritmi di intelligenza artificiale che recentemente hanno permesso di risolvere il caso delle violenze sessuali di gruppo avvenute a Milano, lo scorso Capodanno. All\u2019interno della Rivista potrete saperne di pi\u00f9 anche sulle bodycam: le videocamere portatili in dotazione al Reparto mobile entrate in uso dallo scorso 12 gennaio. Dopo una prima fase sperimentale questi dispositivi sono diventati parte dell&#8217;equipaggiamento per i servizi di ordine pubblico integrando le videocamere di sorveglianza gi\u00e0 presenti nelle citt\u00e0. Il nuovo equipaggiamento permetter\u00e0 di ottenere un&#8217;inedita visione frontale che potr\u00e0 essere utilizzata come prova in presenza di un reato. C\u2019\u00e8 da ricordare per\u00f2, che l&#8217;utilizzo dei filmati \u00e8 soggetto a delle stringenti restrizioni sui dati sensibili indicate dal Garante per la privacy. \u00a0 In questo numero di marzo conoscerete, inoltre, il lavoro degli \u201cAngeli del Presidente\u201d: Poliziamoderna \u00e8 entrata nel Palazzo del Quirinale per raccontare, attraverso le parole di chi \u00e8 deputato a coordinarli, l\u2019attivit\u00e0 degli uomini che scortano il capo dello Stato in ogni suo spostamento e quella della sovraintendenza dei servizi di sicurezza della Presidenza della Repubblica e l\u2019Ufficio presidenziale della Polizia di Stato. <a href=\"http:\/\/www.poliziadistato.it\/articolo\/156228a4e6203d0371049093\" target=\"_blank\" rel=\"nofollow noopener\" class=\"rssmi_more\">leggi tutto<\/a> <\/p>\n<p>From: <a href=\"http:\/\/www.poliziadistato.it\/articolo\/156228a4e6203d0371049093\" target=\"_blank\" title=\"Il numero di marzo di Poliziamoderna\" rel=\"nofollow noopener\">http:\/\/www.poliziadistato.it\/articolo\/156228a4e6203d0371049093<\/a><\/p>\n","protected":false},"excerpt":{"rendered":"<p>In un approfondimento del numero di marzo di Poliziamoderna, conoscerete le moderne tecnologie di riconoscimento facciale utilizzate dalla Polizia scientifica e i limiti normativi entro i quali possono essere utilizzate. La tecnologia utilizzata \u00e8 basata sugli stessi algoritmi di intelligenza artificiale che recentemente hanno permesso di risolvere il caso delle violenze sessuali di gruppo avvenute a Milano, lo scorso Capodanno. All\u2019interno della Rivista potrete saperne di pi\u00f9 anche sulle bodycam: le videocamere portatili in dotazione al Reparto mobile entrate in uso dallo scorso 12 gennaio. Dopo una prima fase sperimentale questi dispositivi sono diventati parte dell&#8217;equipaggiamento per i servizi di ordine pubblico integrando le videocamere di sorveglianza gi\u00e0 presenti nelle citt\u00e0. Il nuovo equipaggiamento permetter\u00e0 di ottenere un&#8217;inedita visione frontale che potr\u00e0 essere utilizzata come prova in presenza di un reato. C\u2019\u00e8 da ricordare per\u00f2, che l&#8217;utilizzo dei filmati \u00e8 soggetto a delle stringenti restrizioni sui dati sensibili indicate dal Garante per la privacy. \u00a0 In questo numero di marzo conoscerete, inoltre, il lavoro degli \u201cAngeli del Presidente\u201d: Poliziamoderna \u00e8 entrata nel Palazzo del Quirinale per raccontare, attraverso le parole di chi \u00e8 deputato a coordinarli, l\u2019attivit\u00e0 degli uomini che scortano il capo dello Stato in ogni suo spostamento e quella della sovraintendenza dei servizi di sicurezza della Presidenza della Repubblica e l\u2019Ufficio presidenziale della Polizia di Stato. <a href=\"http:\/\/www.poliziadistato.it\/articolo\/156228a4e6203d0371049093\" target=\"_blank\" rel=\"nofollow noopener\" class=\"rssmi_more\">leggi tutto<\/a><\/p>\n","protected":false},"author":1,"featured_media":0,"comment_status":"open","ping_status":"closed","sticky":false,"template":"","format":"standard","meta":{"footnotes":""},"categories":[6],"tags":[],"class_list":["post-9175","post","type-post","status-publish","format-standard","hentry","category-notizie"],"_links":{"self":[{"href":"https:\/\/www.psagroup.it\/en\/wp-json\/wp\/v2\/posts\/9175","targetHints":{"allow":["GET"]}}],"collection":[{"href":"https:\/\/www.psagroup.it\/en\/wp-json\/wp\/v2\/posts"}],"about":[{"href":"https:\/\/www.psagroup.it\/en\/wp-json\/wp\/v2\/types\/post"}],"author":[{"embeddable":true,"href":"https:\/\/www.psagroup.it\/en\/wp-json\/wp\/v2\/users\/1"}],"replies":[{"embeddable":true,"href":"https:\/\/www.psagroup.it\/en\/wp-json\/wp\/v2\/comments?post=9175"}],"version-history":[{"count":0,"href":"https:\/\/www.psagroup.it\/en\/wp-json\/wp\/v2\/posts\/9175\/revisions"}],"wp:attachment":[{"href":"https:\/\/www.psagroup.it\/en\/wp-json\/wp\/v2\/media?parent=9175"}],"wp:term":[{"taxonomy":"category","embeddable":true,"href":"https:\/\/www.psagroup.it\/en\/wp-json\/wp\/v2\/categories?post=9175"},{"taxonomy":"post_tag","embeddable":true,"href":"https:\/\/www.psagroup.it\/en\/wp-json\/wp\/v2\/tags?post=9175"}],"curies":[{"name":"wp","href":"https:\/\/api.w.org\/{rel}","templated":true}]}}