{"id":9155,"date":"2022-03-07T21:31:57","date_gmt":"2022-03-07T21:31:57","guid":{"rendered":"https:\/\/www.psagroup.it\/2022\/03\/07\/numero-unico-di-emergenza-firmato-protocollo-a-potenza\/"},"modified":"2022-03-07T21:31:57","modified_gmt":"2022-03-07T21:31:57","slug":"numero-unico-di-emergenza-firmato-protocollo-a-potenza","status":"publish","type":"post","link":"https:\/\/www.psagroup.it\/en\/2022\/03\/07\/numero-unico-di-emergenza-firmato-protocollo-a-potenza\/","title":{"rendered":"Numero unico di emergenza: firmato protocollo a Potenza"},"content":{"rendered":"<p>Questa mattina, a margine della cerimonia di inaugurazione della nuova sezione operativa della Direzione investigativa antimafia, a Potenza, il ministro dell\u2019Interno Luciana Lamorgese ha sottoscritto un protocollo d\u2019intesa con il presidente della Regione Basilicata Vito Bardi per l\u2019attuazione del numero unico europeo di emergenza 1.1.2. L\u2019avvio del progetto avverr\u00e0 grazie al supporto della Regione Puglia dove, nei prossimi mesi, entreranno in funzione le Centrali uniche di risposta dalle quali saranno poi gestite e smistate le chiamate di emergenza. Il ministro Lamorgese, nel corso del suo intervento, ha sottolineato \u201cSono lieta, oggi \u00e8 una giornata particolare, adesso abbiamo la sottoscrizione di questo protocollo che \u00e8 importante perch\u00e9 attiva il numero unico di emergenza 1.1.2.\u201d Ha poi proseguito affermando che &#8220;Oggi il numero unico \u00e8 attivo in undici regioni e nel 2021 ha gestito 19 milioni di chiamate. Questo vuol dire quanto \u00e8 importante perch\u00e9 c&#8217;\u00e8 tutta una serie di attivit\u00e0 che semplificher\u00e0, come il filtro per le chiamate per i disabili. La geolocalizzazione ci permetter\u00e0 di capire di cosa ci sar\u00e0 bisogno con una accelerazione degli interventi&#8221;. Alla sottoscrizione era presente anche il vice capo della Polizia preposto all\u2019attivit\u00e0 di coordinamento e pianificazione Maria Teresa Sempreviva in veste di presidente della Commissione consultiva, che ha il compito di coordinare il progetto di sviluppo del numero unico di emergenza sul territorio nazionale. Il numero unico europeo \u00e8 attivo attualmente attivo in 11 Regioni (Valle d\u2019Aosta, Piemonte, Lombardia, Liguria, Friuli Venezia Giulia, Lazio, Toscana, Marche, Umbria, Sicilia e Province autonome di Trento e Bolzano), con 15 Centrali uniche di risposta (Cur) che garantiscono la copertura del 65 per cento della popolazione italiana, pari a circa 35 milioni di abitanti. <a href=\"http:\/\/www.poliziadistato.it\/articolo\/22622641a969ac4546108412\" target=\"_blank\" rel=\"nofollow noopener\" class=\"rssmi_more\">leggi tutto<\/a> <\/p>\n<p>From: <a href=\"http:\/\/www.poliziadistato.it\/articolo\/22622641a969ac4546108412\" target=\"_blank\" title=\"Numero unico di emergenza: firmato protocollo a Potenza\" rel=\"nofollow noopener\">http:\/\/www.poliziadistato.it\/articolo\/22622641a969ac4546108412<\/a><\/p>\n","protected":false},"excerpt":{"rendered":"<p>Questa mattina, a margine della cerimonia di inaugurazione della nuova sezione operativa della Direzione investigativa antimafia, a Potenza, il ministro dell\u2019Interno Luciana Lamorgese ha sottoscritto un protocollo d\u2019intesa con il presidente della Regione Basilicata Vito Bardi per l\u2019attuazione del numero unico europeo di emergenza 1.1.2. L\u2019avvio del progetto avverr\u00e0 grazie al supporto della Regione Puglia dove, nei prossimi mesi, entreranno in funzione le Centrali uniche di risposta dalle quali saranno poi gestite e smistate le chiamate di emergenza. Il ministro Lamorgese, nel corso del suo intervento, ha sottolineato \u201cSono lieta, oggi \u00e8 una giornata particolare, adesso abbiamo la sottoscrizione di questo protocollo che \u00e8 importante perch\u00e9 attiva il numero unico di emergenza 1.1.2.\u201d Ha poi proseguito affermando che &#8220;Oggi il numero unico \u00e8 attivo in undici regioni e nel 2021 ha gestito 19 milioni di chiamate. Questo vuol dire quanto \u00e8 importante perch\u00e9 c&#8217;\u00e8 tutta una serie di attivit\u00e0 che semplificher\u00e0, come il filtro per le chiamate per i disabili. La geolocalizzazione ci permetter\u00e0 di capire di cosa ci sar\u00e0 bisogno con una accelerazione degli interventi&#8221;. Alla sottoscrizione era presente anche il vice capo della Polizia preposto all\u2019attivit\u00e0 di coordinamento e pianificazione Maria Teresa Sempreviva in veste di presidente della Commissione consultiva, che ha il compito di coordinare il progetto di sviluppo del numero unico di emergenza sul territorio nazionale. Il numero unico europeo \u00e8 attivo attualmente attivo in 11 Regioni (Valle d\u2019Aosta, Piemonte, Lombardia, Liguria, Friuli Venezia Giulia, Lazio, Toscana, Marche, Umbria, Sicilia e Province autonome di Trento e Bolzano), con 15 Centrali uniche di risposta (Cur) che garantiscono la copertura del 65 per cento della popolazione italiana, pari a circa 35 milioni di abitanti. <a href=\"http:\/\/www.poliziadistato.it\/articolo\/22622641a969ac4546108412\" target=\"_blank\" rel=\"nofollow noopener\" class=\"rssmi_more\">leggi tutto<\/a><\/p>\n","protected":false},"author":1,"featured_media":0,"comment_status":"open","ping_status":"closed","sticky":false,"template":"","format":"standard","meta":{"footnotes":""},"categories":[6],"tags":[],"class_list":["post-9155","post","type-post","status-publish","format-standard","hentry","category-notizie"],"_links":{"self":[{"href":"https:\/\/www.psagroup.it\/en\/wp-json\/wp\/v2\/posts\/9155","targetHints":{"allow":["GET"]}}],"collection":[{"href":"https:\/\/www.psagroup.it\/en\/wp-json\/wp\/v2\/posts"}],"about":[{"href":"https:\/\/www.psagroup.it\/en\/wp-json\/wp\/v2\/types\/post"}],"author":[{"embeddable":true,"href":"https:\/\/www.psagroup.it\/en\/wp-json\/wp\/v2\/users\/1"}],"replies":[{"embeddable":true,"href":"https:\/\/www.psagroup.it\/en\/wp-json\/wp\/v2\/comments?post=9155"}],"version-history":[{"count":0,"href":"https:\/\/www.psagroup.it\/en\/wp-json\/wp\/v2\/posts\/9155\/revisions"}],"wp:attachment":[{"href":"https:\/\/www.psagroup.it\/en\/wp-json\/wp\/v2\/media?parent=9155"}],"wp:term":[{"taxonomy":"category","embeddable":true,"href":"https:\/\/www.psagroup.it\/en\/wp-json\/wp\/v2\/categories?post=9155"},{"taxonomy":"post_tag","embeddable":true,"href":"https:\/\/www.psagroup.it\/en\/wp-json\/wp\/v2\/tags?post=9155"}],"curies":[{"name":"wp","href":"https:\/\/api.w.org\/{rel}","templated":true}]}}