{"id":9149,"date":"2022-03-05T13:24:28","date_gmt":"2022-03-05T13:24:28","guid":{"rendered":"https:\/\/www.psagroup.it\/2022\/03\/05\/le-celebrazioni-della-giornata-dei-giusti-dellumanita\/"},"modified":"2022-03-05T13:24:28","modified_gmt":"2022-03-05T13:24:28","slug":"le-celebrazioni-della-giornata-dei-giusti-dellumanita","status":"publish","type":"post","link":"https:\/\/www.psagroup.it\/en\/2022\/03\/05\/le-celebrazioni-della-giornata-dei-giusti-dellumanita\/","title":{"rendered":"Le celebrazioni della \u201cGiornata dei Giusti dell\u2019umanit\u00e0\u201d"},"content":{"rendered":"<p>Ricorre domani in Italia la \u201cGiornata dei Giusti dell\u2019umanit\u00e0\u201d, una solennit\u00e0 civile istituita per \u201cMantenere viva e rinnovare la memoria di quanti, in ogni tempo e in ogni luogo, hanno fatto del bene salvando vite umane, si sono battuti in favore dei diritti umani durante i genocidi e hanno difeso la dignit\u00e0 della persona rifiutando di piegarsi ai totalitarismi e alle discriminazioni tra esseri umani\u201d. In questa occasione la Polizia di Stato ricorda un uomo \u201cGiusto\u201d, Giovanni Palatucci, il funzionario di Polizia che durante il suo servizio a Fiume, oggi Rijeka, citt\u00e0 della Croazia, si adoper\u00f2 per salvare centinaia di ebrei dalle persecuzioni razziali. La sua azione in favore degli oppressi gli cost\u00f2 la vita: il 13 settembre 1944 fu arrestato e deportato a Dachau dove mor\u00ec il 10 febbraio del 1945 a soli 36 anni. La sua figura ha incarnato i valori di giustizia e vicinanza agli oppressi, principi che sono una guida per tutti i poliziotti che ogni giorno si mettono al servizio delle comunit\u00e0. Ed \u00e8 proprio di oggi l\u2019iniziativa della citt\u00e0 di Udine che ha voluto rendere omaggio al commissario Giovanni Palatucci con la piantumazione di un albero di gelso e la posa di una targa, all\u2019interno del Parco della Rimembranza. Alla cerimonia ha preso parte il questore di Udine Manuela De Bernardin, il sindaco Pietro Fontanini, l\u2019arcivescovo Andrea Bruno Mazzocato, le autorit\u00e0 civili e militari e la partigiana, medaglia d&#8217;oro al valor militare Paola Del Din. Udine si va ad aggiungere alla lunga lista di altre citt\u00e0 del nostro Paese che gi\u00e0 nel corso degli anni hanno valorizzato la figura di Palatucci in luoghi simbolo del proprio territorio, lasciando un segno indelebile per le generazioni future che avranno modo di interrogarsi sulle sue vicende e conoscere l\u2019uomo che ne porta il nome. <a href=\"http:\/\/www.poliziadistato.it\/articolo\/38622338d8b4683716615718\" target=\"_blank\" rel=\"nofollow noopener\" class=\"rssmi_more\">leggi tutto<\/a> <\/p>\n<p>From: <a href=\"http:\/\/www.poliziadistato.it\/articolo\/38622338d8b4683716615718\" target=\"_blank\" title=\"Le celebrazioni della \u201cGiornata dei Giusti dell\u2019umanit\u00e0\u201d\" rel=\"nofollow noopener\">http:\/\/www.poliziadistato.it\/articolo\/38622338d8b4683716615718<\/a><\/p>\n","protected":false},"excerpt":{"rendered":"<p>Ricorre domani in Italia la \u201cGiornata dei Giusti dell\u2019umanit\u00e0\u201d, una solennit\u00e0 civile istituita per \u201cMantenere viva e rinnovare la memoria di quanti, in ogni tempo e in ogni luogo, hanno fatto del bene salvando vite umane, si sono battuti in favore dei diritti umani durante i genocidi e hanno difeso la dignit\u00e0 della persona rifiutando di piegarsi ai totalitarismi e alle discriminazioni tra esseri umani\u201d. In questa occasione la Polizia di Stato ricorda un uomo \u201cGiusto\u201d, Giovanni Palatucci, il funzionario di Polizia che durante il suo servizio a Fiume, oggi Rijeka, citt\u00e0 della Croazia, si adoper\u00f2 per salvare centinaia di ebrei dalle persecuzioni razziali. La sua azione in favore degli oppressi gli cost\u00f2 la vita: il 13 settembre 1944 fu arrestato e deportato a Dachau dove mor\u00ec il 10 febbraio del 1945 a soli 36 anni. La sua figura ha incarnato i valori di giustizia e vicinanza agli oppressi, principi che sono una guida per tutti i poliziotti che ogni giorno si mettono al servizio delle comunit\u00e0. Ed \u00e8 proprio di oggi l\u2019iniziativa della citt\u00e0 di Udine che ha voluto rendere omaggio al commissario Giovanni Palatucci con la piantumazione di un albero di gelso e la posa di una targa, all\u2019interno del Parco della Rimembranza. Alla cerimonia ha preso parte il questore di Udine Manuela De Bernardin, il sindaco Pietro Fontanini, l\u2019arcivescovo Andrea Bruno Mazzocato, le autorit\u00e0 civili e militari e la partigiana, medaglia d&#8217;oro al valor militare Paola Del Din. Udine si va ad aggiungere alla lunga lista di altre citt\u00e0 del nostro Paese che gi\u00e0 nel corso degli anni hanno valorizzato la figura di Palatucci in luoghi simbolo del proprio territorio, lasciando un segno indelebile per le generazioni future che avranno modo di interrogarsi sulle sue vicende e conoscere l\u2019uomo che ne porta il nome. <a href=\"http:\/\/www.poliziadistato.it\/articolo\/38622338d8b4683716615718\" target=\"_blank\" rel=\"nofollow noopener\" class=\"rssmi_more\">leggi tutto<\/a><\/p>\n","protected":false},"author":1,"featured_media":0,"comment_status":"open","ping_status":"closed","sticky":false,"template":"","format":"standard","meta":{"footnotes":""},"categories":[6],"tags":[],"class_list":["post-9149","post","type-post","status-publish","format-standard","hentry","category-notizie"],"_links":{"self":[{"href":"https:\/\/www.psagroup.it\/en\/wp-json\/wp\/v2\/posts\/9149","targetHints":{"allow":["GET"]}}],"collection":[{"href":"https:\/\/www.psagroup.it\/en\/wp-json\/wp\/v2\/posts"}],"about":[{"href":"https:\/\/www.psagroup.it\/en\/wp-json\/wp\/v2\/types\/post"}],"author":[{"embeddable":true,"href":"https:\/\/www.psagroup.it\/en\/wp-json\/wp\/v2\/users\/1"}],"replies":[{"embeddable":true,"href":"https:\/\/www.psagroup.it\/en\/wp-json\/wp\/v2\/comments?post=9149"}],"version-history":[{"count":0,"href":"https:\/\/www.psagroup.it\/en\/wp-json\/wp\/v2\/posts\/9149\/revisions"}],"wp:attachment":[{"href":"https:\/\/www.psagroup.it\/en\/wp-json\/wp\/v2\/media?parent=9149"}],"wp:term":[{"taxonomy":"category","embeddable":true,"href":"https:\/\/www.psagroup.it\/en\/wp-json\/wp\/v2\/categories?post=9149"},{"taxonomy":"post_tag","embeddable":true,"href":"https:\/\/www.psagroup.it\/en\/wp-json\/wp\/v2\/tags?post=9149"}],"curies":[{"name":"wp","href":"https:\/\/api.w.org\/{rel}","templated":true}]}}