{"id":9088,"date":"2022-02-23T13:23:20","date_gmt":"2022-02-23T13:23:20","guid":{"rendered":"https:\/\/www.psagroup.it\/2022\/02\/23\/stragi-mafiose-del-1992-nasce-lolio-della-memoria\/"},"modified":"2022-02-23T13:23:20","modified_gmt":"2022-02-23T13:23:20","slug":"stragi-mafiose-del-1992-nasce-lolio-della-memoria","status":"publish","type":"post","link":"https:\/\/www.psagroup.it\/en\/2022\/02\/23\/stragi-mafiose-del-1992-nasce-lolio-della-memoria\/","title":{"rendered":"Stragi mafiose del 1992: nasce l&#8217;Olio della memoria"},"content":{"rendered":"<p>Sono passati quasi trent\u2019anni dalle stragi mafiose di Capaci e via d\u2019Amelio che sconvolsero la Sicilia e l\u2019Italia intera in quel lontano 1992. Ma il tempo non ha fermato la forza della legalit\u00e0 e l\u2019energia nel coltivare la memoria. E allora ecco un\u2019iniziativa simbolica intrapresa dalla questura di Palermo, quale tappa di avvicinamento al percorso della legalit\u00e0, in vista del trentennale delle stragi. Grazie alla collaborazione con l\u2019associazione \u201cQuarto Savona 15\u201d, la onlus creata da Tina Montinaro, moglie del caposcorta Antonio rimasto ucciso nell\u2019attentato di Capaci, e alla collaborazione di tante realt\u00e0 locali, \u00e8 nato il Giardino della Memoria, uno spazio verde vicino al luogo dove si consum\u00f2 l\u2019omicidio del giudice Giovanni Falcone, della moglie Francesca Morvillo e degli agenti di scorta Antonio Montinaro, Rocco Dicillo e Vito Schifani. In questo Giardino sono stati piantati degli ulivi dai ragazzi dell\u2019Istituto superiore \u201cMajorana\u201d e da minori detenuti presso l\u2019Istituto penale per minorenni \u201cMalaspina\u201d, nell\u2019ambito di un progetto, denominato \u201cLaboratorio Giardino della Memoria\u201d. Con la supervisione degli ordini professionali degli agronomi e dei forestali della Provincia, i ragazzi hanno prodotto un olio, l\u2019Olio di Capaci. Nato su un luogo che \u00e8 stato testimone di un\u2019immane tragedia, l\u2019olio ha convertito il sangue delle vittime in un segno, un simbolo che assume un valore spirituale di grande importanza.\u00a0 Le bottiglie dell\u2019olio prodotto saranno, infatti, sono state consegnate agli\u00a0 arcivescovi di Palermo e Monreale, al vescovo di Cefal\u00f9 ed all\u2019archimandrita di Piana degli Albanesi, delegato dell\u2019Eparca, e inviate a tutte le questure siciliane, che ne faranno dono alle altre diocesi, affinch\u00e9 quest\u2019olio venga consacrato nella Santa messa crismale del gioved\u00ec santo, per essere utilizzato dalla Chiesa siciliana nel corso dell\u2019anno liturgico. Un segnale di speranza e redenzione affinch\u00e9 il sacrificio dei martiri di Mafia non sia stato inutile. <a href=\"http:\/\/www.poliziadistato.it\/articolo\/2262161183450e5449633494\" target=\"_blank\" rel=\"nofollow noopener\" class=\"rssmi_more\">leggi tutto<\/a> <\/p>\n<p>From: <a href=\"http:\/\/www.poliziadistato.it\/articolo\/2262161183450e5449633494\" target=\"_blank\" title=\"Stragi mafiose del 1992: nasce l'Olio della memoria\" rel=\"nofollow noopener\">http:\/\/www.poliziadistato.it\/articolo\/2262161183450e5449633494<\/a><\/p>\n","protected":false},"excerpt":{"rendered":"<p>Sono passati quasi trent\u2019anni dalle stragi mafiose di Capaci e via d\u2019Amelio che sconvolsero la Sicilia e l\u2019Italia intera in quel lontano 1992. Ma il tempo non ha fermato la forza della legalit\u00e0 e l\u2019energia nel coltivare la memoria. E allora ecco un\u2019iniziativa simbolica intrapresa dalla questura di Palermo, quale tappa di avvicinamento al percorso della legalit\u00e0, in vista del trentennale delle stragi. Grazie alla collaborazione con l\u2019associazione \u201cQuarto Savona 15\u201d, la onlus creata da Tina Montinaro, moglie del caposcorta Antonio rimasto ucciso nell\u2019attentato di Capaci, e alla collaborazione di tante realt\u00e0 locali, \u00e8 nato il Giardino della Memoria, uno spazio verde vicino al luogo dove si consum\u00f2 l\u2019omicidio del giudice Giovanni Falcone, della moglie Francesca Morvillo e degli agenti di scorta Antonio Montinaro, Rocco Dicillo e Vito Schifani. In questo Giardino sono stati piantati degli ulivi dai ragazzi dell\u2019Istituto superiore \u201cMajorana\u201d e da minori detenuti presso l\u2019Istituto penale per minorenni \u201cMalaspina\u201d, nell\u2019ambito di un progetto, denominato \u201cLaboratorio Giardino della Memoria\u201d. Con la supervisione degli ordini professionali degli agronomi e dei forestali della Provincia, i ragazzi hanno prodotto un olio, l\u2019Olio di Capaci. Nato su un luogo che \u00e8 stato testimone di un\u2019immane tragedia, l\u2019olio ha convertito il sangue delle vittime in un segno, un simbolo che assume un valore spirituale di grande importanza.\u00a0 Le bottiglie dell\u2019olio prodotto saranno, infatti, sono state consegnate agli\u00a0 arcivescovi di Palermo e Monreale, al vescovo di Cefal\u00f9 ed all\u2019archimandrita di Piana degli Albanesi, delegato dell\u2019Eparca, e inviate a tutte le questure siciliane, che ne faranno dono alle altre diocesi, affinch\u00e9 quest\u2019olio venga consacrato nella Santa messa crismale del gioved\u00ec santo, per essere utilizzato dalla Chiesa siciliana nel corso dell\u2019anno liturgico. Un segnale di speranza e redenzione affinch\u00e9 il sacrificio dei martiri di Mafia non sia stato inutile. <a href=\"http:\/\/www.poliziadistato.it\/articolo\/2262161183450e5449633494\" target=\"_blank\" rel=\"nofollow noopener\" class=\"rssmi_more\">leggi tutto<\/a><\/p>\n","protected":false},"author":1,"featured_media":0,"comment_status":"open","ping_status":"closed","sticky":false,"template":"","format":"standard","meta":{"footnotes":""},"categories":[6],"tags":[],"class_list":["post-9088","post","type-post","status-publish","format-standard","hentry","category-notizie"],"_links":{"self":[{"href":"https:\/\/www.psagroup.it\/en\/wp-json\/wp\/v2\/posts\/9088","targetHints":{"allow":["GET"]}}],"collection":[{"href":"https:\/\/www.psagroup.it\/en\/wp-json\/wp\/v2\/posts"}],"about":[{"href":"https:\/\/www.psagroup.it\/en\/wp-json\/wp\/v2\/types\/post"}],"author":[{"embeddable":true,"href":"https:\/\/www.psagroup.it\/en\/wp-json\/wp\/v2\/users\/1"}],"replies":[{"embeddable":true,"href":"https:\/\/www.psagroup.it\/en\/wp-json\/wp\/v2\/comments?post=9088"}],"version-history":[{"count":0,"href":"https:\/\/www.psagroup.it\/en\/wp-json\/wp\/v2\/posts\/9088\/revisions"}],"wp:attachment":[{"href":"https:\/\/www.psagroup.it\/en\/wp-json\/wp\/v2\/media?parent=9088"}],"wp:term":[{"taxonomy":"category","embeddable":true,"href":"https:\/\/www.psagroup.it\/en\/wp-json\/wp\/v2\/categories?post=9088"},{"taxonomy":"post_tag","embeddable":true,"href":"https:\/\/www.psagroup.it\/en\/wp-json\/wp\/v2\/tags?post=9088"}],"curies":[{"name":"wp","href":"https:\/\/api.w.org\/{rel}","templated":true}]}}