{"id":9063,"date":"2022-02-19T13:25:51","date_gmt":"2022-02-19T13:25:51","guid":{"rendered":"https:\/\/www.psagroup.it\/2022\/02\/19\/milano-rapine-con-furgone-per-disabili-rubato\/"},"modified":"2022-02-19T13:25:51","modified_gmt":"2022-02-19T13:25:51","slug":"milano-rapine-con-furgone-per-disabili-rubato","status":"publish","type":"post","link":"https:\/\/www.psagroup.it\/en\/2022\/02\/19\/milano-rapine-con-furgone-per-disabili-rubato\/","title":{"rendered":"Milano: rapine con furgone per disabili rubato"},"content":{"rendered":"<p>Con un mezzo rubato, adibito al trasporto dei disabili, hanno compiuto 5 rapine in poco pi\u00f9 di due ore nei comuni di Milano, di Sesto San Giovanni e Cormano. I responsabili, due giovani di 24 e 25 anni, sono stati intercettati e arrestati poco dopo dai poliziotti dei commissariati di Cinisello Balsamo, Sesto San Giovanni e dalla Polizia stradale di Milano sulla A4 in direzione Venezia. Un terzo uomo \u00e8 riuscito a fuggire. Le rapine sono state compiute tutte nella stessa mattina tra le ore 7.10 e le ore 9.40: la prima ai danni di una signora che dopo esser stata bloccata con un coltello alla gola \u00e8 stata rapinata della borsa; poi \u00e8 toccato ad un ragazzo a cui i rapinatori hanno tagliato una parte dei pantaloni per impossessarsi del telefono e del portafoglio. Poco dopo, un ragazzino di 13 anni, sotto la minaccia di un coltello, \u00e8 stato rapinato del telefonino e del denaro che aveva con s\u00e9; la quarta rapina, invece, \u00e8 stata consumata ai danni di un signore anziano che \u00e8 stato fatto cadere a terra e rapinato del borsello, mentre la quinta si \u00e8 verificata ai danni di una signora a cui \u00e8 stata portata via la borsa con due telefoni e soldi in contanti. La Polizia, immediatamente allertata dagli episodi di violenza, ha fatto scattare le ricerche della monovolume e alle 11.30 l\u2019ha individuata in un\u2019area di servizio dove i rapinatori erano fermi per far rifornimento. I giovani sono stati identificati anche attraverso il riconoscimento fotografico e durante la perquisizione, gli agenti hanno ritrovato gran parte della refurtiva che successivamente \u00e8 stata riconsegnata ai legittimi proprietari. La monovolume era stata rubata in Piemonte ad una famiglia con un disabile e il mezzo era stato acquistato attraverso una colletta effettuata dai concittadini. <a href=\"http:\/\/www.poliziadistato.it\/articolo\/156210ca2c665be302873815\" target=\"_blank\" rel=\"nofollow noopener\" class=\"rssmi_more\">leggi tutto<\/a> <\/p>\n<p>From: <a href=\"http:\/\/www.poliziadistato.it\/articolo\/156210ca2c665be302873815\" target=\"_blank\" title=\"Milano: rapine con furgone per disabili rubato\" rel=\"nofollow noopener\">http:\/\/www.poliziadistato.it\/articolo\/156210ca2c665be302873815<\/a><\/p>\n","protected":false},"excerpt":{"rendered":"<p>Con un mezzo rubato, adibito al trasporto dei disabili, hanno compiuto 5 rapine in poco pi\u00f9 di due ore nei comuni di Milano, di Sesto San Giovanni e Cormano. I responsabili, due giovani di 24 e 25 anni, sono stati intercettati e arrestati poco dopo dai poliziotti dei commissariati di Cinisello Balsamo, Sesto San Giovanni e dalla Polizia stradale di Milano sulla A4 in direzione Venezia. Un terzo uomo \u00e8 riuscito a fuggire. Le rapine sono state compiute tutte nella stessa mattina tra le ore 7.10 e le ore 9.40: la prima ai danni di una signora che dopo esser stata bloccata con un coltello alla gola \u00e8 stata rapinata della borsa; poi \u00e8 toccato ad un ragazzo a cui i rapinatori hanno tagliato una parte dei pantaloni per impossessarsi del telefono e del portafoglio. Poco dopo, un ragazzino di 13 anni, sotto la minaccia di un coltello, \u00e8 stato rapinato del telefonino e del denaro che aveva con s\u00e9; la quarta rapina, invece, \u00e8 stata consumata ai danni di un signore anziano che \u00e8 stato fatto cadere a terra e rapinato del borsello, mentre la quinta si \u00e8 verificata ai danni di una signora a cui \u00e8 stata portata via la borsa con due telefoni e soldi in contanti. La Polizia, immediatamente allertata dagli episodi di violenza, ha fatto scattare le ricerche della monovolume e alle 11.30 l\u2019ha individuata in un\u2019area di servizio dove i rapinatori erano fermi per far rifornimento. I giovani sono stati identificati anche attraverso il riconoscimento fotografico e durante la perquisizione, gli agenti hanno ritrovato gran parte della refurtiva che successivamente \u00e8 stata riconsegnata ai legittimi proprietari. La monovolume era stata rubata in Piemonte ad una famiglia con un disabile e il mezzo era stato acquistato attraverso una colletta effettuata dai concittadini. <a href=\"http:\/\/www.poliziadistato.it\/articolo\/156210ca2c665be302873815\" target=\"_blank\" rel=\"nofollow noopener\" class=\"rssmi_more\">leggi tutto<\/a><\/p>\n","protected":false},"author":1,"featured_media":0,"comment_status":"open","ping_status":"closed","sticky":false,"template":"","format":"standard","meta":{"footnotes":""},"categories":[6],"tags":[],"class_list":["post-9063","post","type-post","status-publish","format-standard","hentry","category-notizie"],"_links":{"self":[{"href":"https:\/\/www.psagroup.it\/en\/wp-json\/wp\/v2\/posts\/9063","targetHints":{"allow":["GET"]}}],"collection":[{"href":"https:\/\/www.psagroup.it\/en\/wp-json\/wp\/v2\/posts"}],"about":[{"href":"https:\/\/www.psagroup.it\/en\/wp-json\/wp\/v2\/types\/post"}],"author":[{"embeddable":true,"href":"https:\/\/www.psagroup.it\/en\/wp-json\/wp\/v2\/users\/1"}],"replies":[{"embeddable":true,"href":"https:\/\/www.psagroup.it\/en\/wp-json\/wp\/v2\/comments?post=9063"}],"version-history":[{"count":0,"href":"https:\/\/www.psagroup.it\/en\/wp-json\/wp\/v2\/posts\/9063\/revisions"}],"wp:attachment":[{"href":"https:\/\/www.psagroup.it\/en\/wp-json\/wp\/v2\/media?parent=9063"}],"wp:term":[{"taxonomy":"category","embeddable":true,"href":"https:\/\/www.psagroup.it\/en\/wp-json\/wp\/v2\/categories?post=9063"},{"taxonomy":"post_tag","embeddable":true,"href":"https:\/\/www.psagroup.it\/en\/wp-json\/wp\/v2\/tags?post=9063"}],"curies":[{"name":"wp","href":"https:\/\/api.w.org\/{rel}","templated":true}]}}