{"id":9030,"date":"2022-02-12T09:22:17","date_gmt":"2022-02-12T09:22:17","guid":{"rendered":"https:\/\/www.psagroup.it\/2022\/02\/12\/poliziamoderna-speciale-sui-giovani-e-i-disturbi-alimentari\/"},"modified":"2022-02-12T09:22:17","modified_gmt":"2022-02-12T09:22:17","slug":"poliziamoderna-speciale-sui-giovani-e-i-disturbi-alimentari","status":"publish","type":"post","link":"https:\/\/www.psagroup.it\/en\/2022\/02\/12\/poliziamoderna-speciale-sui-giovani-e-i-disturbi-alimentari\/","title":{"rendered":"Poliziamoderna: speciale sui giovani e i disturbi alimentari"},"content":{"rendered":"<p>Nel numero di febbraio del nostro mensile PoliziaModerna viene affrontato il delicato tema dei disturbi del comportamento alimentare (DSA) con un articolo del vice direttore del Corriere della Sera Fiorenza Sarzanini che ha dedicato al tema un podcast\u00a0in 6 puntate che si chiama Specchio ed \u00e8 disponibile gratuitamente sul web. Sono 6 puntate, 6 storie diverse di giovani conosciuti a Palazzo Francisci a Todi, una struttura gestita dalla dottoressa Laura Dalla Ragione, psichiatra e psicoterapeuta che da anni si occupa di questi ragazzi e li aiuta a percorrere il tunnel ed a cercarne l\u2019uscita. Lo scopo di questo lavoro \u00e8 quello di accendere i riflettori e tenere alta l\u2019attenzione delle istituzioni affinch\u00e9 nessuno si senta abbandonato nella lotta contro questo terribile nemico. I DSA sono una delle conseguenze pi\u00f9 gravi del Covid 19, una vera e propria epidemia dentro l&#8217;epidemia. Perch\u00e9 gi\u00e0 durante il lockdown c\u2019\u00e8 stata un\u2019impennata dei casi di disturbo alimentare, soprattutto tra i giovanissimi. E con il trascorrere dei mesi la situazione \u00e8 peggiorata fino a trasformarsi in grave emergenza. I numeri dell\u2019Istituto superiore di sanit\u00e0 fotografano una realt\u00e0 drammatica con i casi di anoressia e bulimia che negli ultimi 19 mesi sono aumentati del 30% e hanno provocato una crescita pari al 50% di richieste di prima visita. In Italia le persone malate sono oltre tre milioni, le vittime ogni anno sono circa 4mila. Ma a preoccupare ulteriormente \u00e8 l\u2019identit\u00e0 dei pazienti perch\u00e9 si tratta di ragazzini di 12, 13 anni, addirittura bimbi di 8 o 9 anni che rifiutano il cibo oppure lo ingurgitano in maniera esagerata. Il 21 dicembre la Commissione Bilancio del Senato ha deciso di stanziare 25 milioni di euro nel biennio 2022-2023 e ha stabilito che i disturbi del comportamento alimentare saranno inseriti nei LEA , cio\u00e8 nei Livelli Essenziali di Assistenza con uno specifico fondo. Il 10 gennaio la Regione Lazio ha annunciato di voler istituire un fondo dedicato all\u2019accesso alle cure per la salute mentale e la prevenzione del disagio psichico rivolto in primo luogo ai giovani e alle fasce pi\u00f9 fragili della popolazione.     Quando 39 kg sembrano troppi\u00a0 \u00a0 \u00a0 \u00a0 \u00a0 \u00a0 \u00a0 \u00a0 \u00a0 \u00a0   \u00a0 \u00a0    L&#8217;anoressia colpisce anche i maschi   \u00a0 \u00a0    La bulimia, il disturbo invisibile   \u00a0 \u00a0    Una mallattia che &#8220;divora&#8221;   \u00a0 \u00a0    Un corpo che non senti tuo   \u00a0 \u00a0    Valeria Vedovatti racconta la sua anoressia   \u00a0 \u00a0<br \/>\n \u00a0 <a href=\"http:\/\/www.poliziadistato.it\/articolo\/199662068524f3ebd120583707\" target=\"_blank\" rel=\"nofollow noopener\" class=\"rssmi_more\">leggi tutto<\/a> <\/p>\n<p>From: <a href=\"http:\/\/www.poliziadistato.it\/articolo\/199662068524f3ebd120583707\" target=\"_blank\" title=\"Poliziamoderna: speciale sui giovani e i disturbi alimentari\" rel=\"nofollow noopener\">http:\/\/www.poliziadistato.it\/articolo\/199662068524f3ebd120583707<\/a><\/p>\n","protected":false},"excerpt":{"rendered":"<p>Nel numero di febbraio del nostro mensile PoliziaModerna viene affrontato il delicato tema dei disturbi del comportamento alimentare (DSA) con un articolo del vice direttore del Corriere della Sera Fiorenza Sarzanini che ha dedicato al tema un podcast\u00a0in 6 puntate che si chiama Specchio ed \u00e8 disponibile gratuitamente sul web. Sono 6 puntate, 6 storie diverse di giovani conosciuti a Palazzo Francisci a Todi, una struttura gestita dalla dottoressa Laura Dalla Ragione, psichiatra e psicoterapeuta che da anni si occupa di questi ragazzi e li aiuta a percorrere il tunnel ed a cercarne l\u2019uscita. Lo scopo di questo lavoro \u00e8 quello di accendere i riflettori e tenere alta l\u2019attenzione delle istituzioni affinch\u00e9 nessuno si senta abbandonato nella lotta contro questo terribile nemico. I DSA sono una delle conseguenze pi\u00f9 gravi del Covid 19, una vera e propria epidemia dentro l&#8217;epidemia. Perch\u00e9 gi\u00e0 durante il lockdown c\u2019\u00e8 stata un\u2019impennata dei casi di disturbo alimentare, soprattutto tra i giovanissimi. E con il trascorrere dei mesi la situazione \u00e8 peggiorata fino a trasformarsi in grave emergenza. I numeri dell\u2019Istituto superiore di sanit\u00e0 fotografano una realt\u00e0 drammatica con i casi di anoressia e bulimia che negli ultimi 19 mesi sono aumentati del 30% e hanno provocato una crescita pari al 50% di richieste di prima visita. In Italia le persone malate sono oltre tre milioni, le vittime ogni anno sono circa 4mila. Ma a preoccupare ulteriormente \u00e8 l\u2019identit\u00e0 dei pazienti perch\u00e9 si tratta di ragazzini di 12, 13 anni, addirittura bimbi di 8 o 9 anni che rifiutano il cibo oppure lo ingurgitano in maniera esagerata. Il 21 dicembre la Commissione Bilancio del Senato ha deciso di stanziare 25 milioni di euro nel biennio 2022-2023 e ha stabilito che i disturbi del comportamento alimentare saranno inseriti nei LEA , cio\u00e8 nei Livelli Essenziali di Assistenza con uno specifico fondo. Il 10 gennaio la Regione Lazio ha annunciato di voler istituire un fondo dedicato all\u2019accesso alle cure per la salute mentale e la prevenzione del disagio psichico rivolto in primo luogo ai giovani e alle fasce pi\u00f9 fragili della popolazione.     Quando 39 kg sembrano troppi\u00a0 \u00a0 \u00a0 \u00a0 \u00a0 \u00a0 \u00a0 \u00a0 \u00a0 \u00a0   \u00a0 \u00a0    L&#8217;anoressia colpisce anche i maschi   \u00a0 \u00a0    La bulimia, il disturbo invisibile   \u00a0 \u00a0    Una mallattia che &#8220;divora&#8221;   \u00a0 \u00a0    Un corpo che non senti tuo   \u00a0 \u00a0    Valeria Vedovatti racconta la sua anoressia   \u00a0 \u00a0<br \/>\n \u00a0 <a href=\"http:\/\/www.poliziadistato.it\/articolo\/199662068524f3ebd120583707\" target=\"_blank\" rel=\"nofollow noopener\" class=\"rssmi_more\">leggi tutto<\/a><\/p>\n","protected":false},"author":1,"featured_media":0,"comment_status":"open","ping_status":"closed","sticky":false,"template":"","format":"standard","meta":{"footnotes":""},"categories":[6],"tags":[],"class_list":["post-9030","post","type-post","status-publish","format-standard","hentry","category-notizie"],"_links":{"self":[{"href":"https:\/\/www.psagroup.it\/en\/wp-json\/wp\/v2\/posts\/9030","targetHints":{"allow":["GET"]}}],"collection":[{"href":"https:\/\/www.psagroup.it\/en\/wp-json\/wp\/v2\/posts"}],"about":[{"href":"https:\/\/www.psagroup.it\/en\/wp-json\/wp\/v2\/types\/post"}],"author":[{"embeddable":true,"href":"https:\/\/www.psagroup.it\/en\/wp-json\/wp\/v2\/users\/1"}],"replies":[{"embeddable":true,"href":"https:\/\/www.psagroup.it\/en\/wp-json\/wp\/v2\/comments?post=9030"}],"version-history":[{"count":0,"href":"https:\/\/www.psagroup.it\/en\/wp-json\/wp\/v2\/posts\/9030\/revisions"}],"wp:attachment":[{"href":"https:\/\/www.psagroup.it\/en\/wp-json\/wp\/v2\/media?parent=9030"}],"wp:term":[{"taxonomy":"category","embeddable":true,"href":"https:\/\/www.psagroup.it\/en\/wp-json\/wp\/v2\/categories?post=9030"},{"taxonomy":"post_tag","embeddable":true,"href":"https:\/\/www.psagroup.it\/en\/wp-json\/wp\/v2\/tags?post=9030"}],"curies":[{"name":"wp","href":"https:\/\/api.w.org\/{rel}","templated":true}]}}