{"id":9029,"date":"2022-02-11T21:22:17","date_gmt":"2022-02-11T21:22:17","guid":{"rendered":"https:\/\/www.psagroup.it\/2022\/02\/11\/il-vice-capo-sempreviva-a-bruxelles-per-il-comitato-operativo-per-la-sicurezza-interna\/"},"modified":"2022-02-11T21:22:17","modified_gmt":"2022-02-11T21:22:17","slug":"il-vice-capo-sempreviva-a-bruxelles-per-il-comitato-operativo-per-la-sicurezza-interna","status":"publish","type":"post","link":"https:\/\/www.psagroup.it\/en\/2022\/02\/11\/il-vice-capo-sempreviva-a-bruxelles-per-il-comitato-operativo-per-la-sicurezza-interna\/","title":{"rendered":"Il vice capo Sempreviva a Bruxelles per il Comitato operativo per la sicurezza interna"},"content":{"rendered":"<p>Gli alti vertici delle Forze di polizia degli Stati membri si sono riuniti il \u00a09 Febbraio a Bruxelles per confrontarsi sulle pi\u00f9 gravi sfide alla sicurezza dei nostri territori e per individuare sinergie e soluzioni condivise. A rappresentare l\u2019Italia, nel Comitato Operativo per la Sicurezza Interna, il Vice Direttore Generale della pubblica sicurezza preposto al coordinamento ed alla pianificazione, Prefetto Maria Teresa Sempreviva, accompagnata dal Direttore del Servizio relazioni internazionali dell\u2019Ufficio coordinamento e pianificazione delle Forze di Polizia. Lotta al terrorismo ed alla radicalizzazione, nelle sue manifestazioni on line ed off line, contrasto al narcotraffico e nuovo ciclo pluriennale europeo nella prevenzione e nel contrasto ai pi\u00f9 gravi ed emergenti fenomeni criminali sono stati i temi affrontati in un rinnovato spirito di consenso e fiducia reciproca. Nella prevenzione e nel contrasto al narcotraffico, particolarmente apprezzati dalla Presidenza francese e dalle altre delegazioni intervenute, sono stati gli interventi del Prefetto Sempreviva che ha sottolineato la necessit\u00e0 di affiancare, agli strumenti penali tradizionali \u2013 anche privativi della libert\u00e0 personale- le attivit\u00e0 di ricerca, congelamento e confisca dei proventi illeciti, in considerazione degli enormi profitti che questa attivit\u00e0 criminale genera, ricordando il modello nazionale caratterizzato da una normativa specifica di aggressione ai patrimoni illeciti di estremo successo. In questo ambito, il Vice Capo ha evidenziato l\u2019importanza di disporre di uffici specializzati che possono effettuare, come nel caso italiano, un attento e costante monitoraggio delle piattaforme virtuali che oggi pi\u00f9 che mai offrono opportunit\u00e0 estese al mercato della droga che si avvale anche di cripto-valute e di mercati nel darknet. Il dibattito \u00e8 proseguito con un confronto approfondito sul recente piano europeo di contrasto alla criminalit\u00e0 internazionale, l\u2019EMPACT, con una particolare attenzione alle trasformazioni sociali, economiche e tecnologiche in atto, affinch\u00e8 queste non rappresentino pericolose fonti di nuove opportunit\u00e0 per i criminali. Il programma di azione europeo contro le dieci pi\u00f9 gravi forme di criminalit\u00e0 avr\u00e0 risorse umane e finanziarie dedicate, con un ruolo di primo piano delle Forze di polizia italiane nel contrasto alle reti criminali ad alto rischio, alla lotta al traffico di esseri umani, alle frodi comunitarie, al riciclaggio e ai crimini ambientali. Al centro, poi, del focus dedicato alla radicalizzazione del terrorismo il crescente utilizzo dei social media e delle piattaforme di messaggistica online utilizzate per diffondere \u201cdiscorsi radicalizzanti\u201d e fomentare gli estremismi ed il ritorno anche alle tradizionali forme offline. L\u2019Italia ha potuto sul punto illustrare il proprio modello all\u2019avanguardia fondato da un lato su un quadro giuridico complesso e coerente che consente mirate attivit\u00e0 di prevenzione e di contrasto dall\u2019altro su un dialogo aperto con le comunit\u00e0 religiose e la societ\u00e0 civile. Quanto allo scambio delle informazioni, il Prefetto Sempreviva ha ricordato l\u2019importanza a livello nazionale del Comitato di analisi strategica di antiterrorismo, il CASA, istituito presso il Ministero dell\u2019interno, capace di analizzare le principali informazioni e di metterle tempestivamente a disposizione delle Forze di polizia e dei Servizi di intelligence. <a href=\"http:\/\/www.poliziadistato.it\/articolo\/199662069e6c1ba70672583740\" target=\"_blank\" rel=\"nofollow noopener\" class=\"rssmi_more\">leggi tutto<\/a> <\/p>\n<p>From: <a href=\"http:\/\/www.poliziadistato.it\/articolo\/199662069e6c1ba70672583740\" target=\"_blank\" title=\"Il vice capo Sempreviva a Bruxelles per il Comitato operativo per la sicurezza interna\" rel=\"nofollow noopener\">http:\/\/www.poliziadistato.it\/articolo\/199662069e6c1ba70672583740<\/a><\/p>\n","protected":false},"excerpt":{"rendered":"<p>Gli alti vertici delle Forze di polizia degli Stati membri si sono riuniti il \u00a09 Febbraio a Bruxelles per confrontarsi sulle pi\u00f9 gravi sfide alla sicurezza dei nostri territori e per individuare sinergie e soluzioni condivise. A rappresentare l\u2019Italia, nel Comitato Operativo per la Sicurezza Interna, il Vice Direttore Generale della pubblica sicurezza preposto al coordinamento ed alla pianificazione, Prefetto Maria Teresa Sempreviva, accompagnata dal Direttore del Servizio relazioni internazionali dell\u2019Ufficio coordinamento e pianificazione delle Forze di Polizia. Lotta al terrorismo ed alla radicalizzazione, nelle sue manifestazioni on line ed off line, contrasto al narcotraffico e nuovo ciclo pluriennale europeo nella prevenzione e nel contrasto ai pi\u00f9 gravi ed emergenti fenomeni criminali sono stati i temi affrontati in un rinnovato spirito di consenso e fiducia reciproca. Nella prevenzione e nel contrasto al narcotraffico, particolarmente apprezzati dalla Presidenza francese e dalle altre delegazioni intervenute, sono stati gli interventi del Prefetto Sempreviva che ha sottolineato la necessit\u00e0 di affiancare, agli strumenti penali tradizionali \u2013 anche privativi della libert\u00e0 personale- le attivit\u00e0 di ricerca, congelamento e confisca dei proventi illeciti, in considerazione degli enormi profitti che questa attivit\u00e0 criminale genera, ricordando il modello nazionale caratterizzato da una normativa specifica di aggressione ai patrimoni illeciti di estremo successo. In questo ambito, il Vice Capo ha evidenziato l\u2019importanza di disporre di uffici specializzati che possono effettuare, come nel caso italiano, un attento e costante monitoraggio delle piattaforme virtuali che oggi pi\u00f9 che mai offrono opportunit\u00e0 estese al mercato della droga che si avvale anche di cripto-valute e di mercati nel darknet. Il dibattito \u00e8 proseguito con un confronto approfondito sul recente piano europeo di contrasto alla criminalit\u00e0 internazionale, l\u2019EMPACT, con una particolare attenzione alle trasformazioni sociali, economiche e tecnologiche in atto, affinch\u00e8 queste non rappresentino pericolose fonti di nuove opportunit\u00e0 per i criminali. Il programma di azione europeo contro le dieci pi\u00f9 gravi forme di criminalit\u00e0 avr\u00e0 risorse umane e finanziarie dedicate, con un ruolo di primo piano delle Forze di polizia italiane nel contrasto alle reti criminali ad alto rischio, alla lotta al traffico di esseri umani, alle frodi comunitarie, al riciclaggio e ai crimini ambientali. Al centro, poi, del focus dedicato alla radicalizzazione del terrorismo il crescente utilizzo dei social media e delle piattaforme di messaggistica online utilizzate per diffondere \u201cdiscorsi radicalizzanti\u201d e fomentare gli estremismi ed il ritorno anche alle tradizionali forme offline. L\u2019Italia ha potuto sul punto illustrare il proprio modello all\u2019avanguardia fondato da un lato su un quadro giuridico complesso e coerente che consente mirate attivit\u00e0 di prevenzione e di contrasto dall\u2019altro su un dialogo aperto con le comunit\u00e0 religiose e la societ\u00e0 civile. Quanto allo scambio delle informazioni, il Prefetto Sempreviva ha ricordato l\u2019importanza a livello nazionale del Comitato di analisi strategica di antiterrorismo, il CASA, istituito presso il Ministero dell\u2019interno, capace di analizzare le principali informazioni e di metterle tempestivamente a disposizione delle Forze di polizia e dei Servizi di intelligence. <a href=\"http:\/\/www.poliziadistato.it\/articolo\/199662069e6c1ba70672583740\" target=\"_blank\" rel=\"nofollow noopener\" class=\"rssmi_more\">leggi tutto<\/a><\/p>\n","protected":false},"author":1,"featured_media":0,"comment_status":"open","ping_status":"closed","sticky":false,"template":"","format":"standard","meta":{"footnotes":""},"categories":[6],"tags":[],"class_list":["post-9029","post","type-post","status-publish","format-standard","hentry","category-notizie"],"_links":{"self":[{"href":"https:\/\/www.psagroup.it\/en\/wp-json\/wp\/v2\/posts\/9029","targetHints":{"allow":["GET"]}}],"collection":[{"href":"https:\/\/www.psagroup.it\/en\/wp-json\/wp\/v2\/posts"}],"about":[{"href":"https:\/\/www.psagroup.it\/en\/wp-json\/wp\/v2\/types\/post"}],"author":[{"embeddable":true,"href":"https:\/\/www.psagroup.it\/en\/wp-json\/wp\/v2\/users\/1"}],"replies":[{"embeddable":true,"href":"https:\/\/www.psagroup.it\/en\/wp-json\/wp\/v2\/comments?post=9029"}],"version-history":[{"count":0,"href":"https:\/\/www.psagroup.it\/en\/wp-json\/wp\/v2\/posts\/9029\/revisions"}],"wp:attachment":[{"href":"https:\/\/www.psagroup.it\/en\/wp-json\/wp\/v2\/media?parent=9029"}],"wp:term":[{"taxonomy":"category","embeddable":true,"href":"https:\/\/www.psagroup.it\/en\/wp-json\/wp\/v2\/categories?post=9029"},{"taxonomy":"post_tag","embeddable":true,"href":"https:\/\/www.psagroup.it\/en\/wp-json\/wp\/v2\/tags?post=9029"}],"curies":[{"name":"wp","href":"https:\/\/api.w.org\/{rel}","templated":true}]}}