{"id":9017,"date":"2022-02-09T13:23:21","date_gmt":"2022-02-09T13:23:21","guid":{"rendered":"https:\/\/www.psagroup.it\/2022\/02\/09\/taranto-parco-pubblico-intitolato-alla-memoria-di-francesco-ciquera\/"},"modified":"2022-02-09T13:23:21","modified_gmt":"2022-02-09T13:23:21","slug":"taranto-parco-pubblico-intitolato-alla-memoria-di-francesco-ciquera","status":"publish","type":"post","link":"https:\/\/www.psagroup.it\/en\/2022\/02\/09\/taranto-parco-pubblico-intitolato-alla-memoria-di-francesco-ciquera\/","title":{"rendered":"Taranto: parco pubblico intitolato alla memoria di Francesco Ciquera"},"content":{"rendered":"<p>Si \u00e8 svolta questa mattina a Mottola (Taranto), alla presenza del capo della Polizia Lamberto Giannini, la cerimonia di intitolazione di un parco pubblico alla memoria dell\u2019assistente della Polizia di Stato Francesco Ciquera, morto in servizio il 14 maggio 2008 a seguito delle gravissime ferite riportate in un incidente stradale avvenuto nei pressi di Gioia del Colle (Bari). La celebrazione in onore di Francesco Ciquera, medaglia d\u2019oro al valor civile, si \u00e8 aperta con l\u2019intervento del sindaco di Mottola Giovanni Piero Barulli a cui sono seguiti quelli del questore di Taranto, Massimo Gambino e della signora Marisa Ciquera, sorella di Francesco. L\u2019intervento conclusivo \u00e8 stato del capo della Polizia Lamberto Giannini che ha detto \u201cQuesto \u00e8 un momento molto importante perch\u00e9 stiamo onorando un nostro caduto, che ha sacrificato la propria vita nell\u2019adempimento del dovere e che rappresenta la nostra luce. Anche oggi Francesco continua la sua missione perch\u00e9, attraverso questa intitolazione, \u00e8 parte della vita della comunit\u00e0. Esempi come quello di Francesco saranno sempre la via maestra per indirizzare il nostro lavoro\u201d. Momento toccante \u00e8 stato lo scoprimento di una stele, da parte del prefetto Giannini e di Angelo Ciquera fratello di Francesco e anche lui poliziotto, dedicata a tutti i caduti della Polizia, cosi come lo scoprimento della targa di intitolazione del parco a Francesco Ciquera avvenuto subito dopo. Terminata la cerimonia il capo della Polizia ha fatto visita alla questura di Taranto dove ha dapprima incontrato gli assistenti della Polizia di Stato Angelo Ancona e Biagio Tagliente feriti nella sparatoria del 22 gennaio durante il loro servizio di Volante e poi una rappresentanza del personale della Polizia di Stato, dell\u2019Amministrazione civile, delle organizzazioni sindacali e dell\u2019Anps.\u00a0\u00a0\u00a0\u00a0\u00a0\u00a0 <a href=\"http:\/\/www.poliziadistato.it\/articolo\/156202a5dda0d93763366256\" target=\"_blank\" rel=\"nofollow noopener\" class=\"rssmi_more\">leggi tutto<\/a> <\/p>\n<p>From: <a href=\"http:\/\/www.poliziadistato.it\/articolo\/156202a5dda0d93763366256\" target=\"_blank\" title=\"Taranto: parco pubblico intitolato alla memoria di Francesco Ciquera\" rel=\"nofollow noopener\">http:\/\/www.poliziadistato.it\/articolo\/156202a5dda0d93763366256<\/a><\/p>\n","protected":false},"excerpt":{"rendered":"<p>Si \u00e8 svolta questa mattina a Mottola (Taranto), alla presenza del capo della Polizia Lamberto Giannini, la cerimonia di intitolazione di un parco pubblico alla memoria dell\u2019assistente della Polizia di Stato Francesco Ciquera, morto in servizio il 14 maggio 2008 a seguito delle gravissime ferite riportate in un incidente stradale avvenuto nei pressi di Gioia del Colle (Bari). La celebrazione in onore di Francesco Ciquera, medaglia d\u2019oro al valor civile, si \u00e8 aperta con l\u2019intervento del sindaco di Mottola Giovanni Piero Barulli a cui sono seguiti quelli del questore di Taranto, Massimo Gambino e della signora Marisa Ciquera, sorella di Francesco. L\u2019intervento conclusivo \u00e8 stato del capo della Polizia Lamberto Giannini che ha detto \u201cQuesto \u00e8 un momento molto importante perch\u00e9 stiamo onorando un nostro caduto, che ha sacrificato la propria vita nell\u2019adempimento del dovere e che rappresenta la nostra luce. Anche oggi Francesco continua la sua missione perch\u00e9, attraverso questa intitolazione, \u00e8 parte della vita della comunit\u00e0. Esempi come quello di Francesco saranno sempre la via maestra per indirizzare il nostro lavoro\u201d. Momento toccante \u00e8 stato lo scoprimento di una stele, da parte del prefetto Giannini e di Angelo Ciquera fratello di Francesco e anche lui poliziotto, dedicata a tutti i caduti della Polizia, cosi come lo scoprimento della targa di intitolazione del parco a Francesco Ciquera avvenuto subito dopo. Terminata la cerimonia il capo della Polizia ha fatto visita alla questura di Taranto dove ha dapprima incontrato gli assistenti della Polizia di Stato Angelo Ancona e Biagio Tagliente feriti nella sparatoria del 22 gennaio durante il loro servizio di Volante e poi una rappresentanza del personale della Polizia di Stato, dell\u2019Amministrazione civile, delle organizzazioni sindacali e dell\u2019Anps.\u00a0\u00a0\u00a0\u00a0\u00a0\u00a0 <a href=\"http:\/\/www.poliziadistato.it\/articolo\/156202a5dda0d93763366256\" target=\"_blank\" rel=\"nofollow noopener\" class=\"rssmi_more\">leggi tutto<\/a><\/p>\n","protected":false},"author":1,"featured_media":0,"comment_status":"open","ping_status":"closed","sticky":false,"template":"","format":"standard","meta":{"footnotes":""},"categories":[6],"tags":[],"class_list":["post-9017","post","type-post","status-publish","format-standard","hentry","category-notizie"],"_links":{"self":[{"href":"https:\/\/www.psagroup.it\/en\/wp-json\/wp\/v2\/posts\/9017","targetHints":{"allow":["GET"]}}],"collection":[{"href":"https:\/\/www.psagroup.it\/en\/wp-json\/wp\/v2\/posts"}],"about":[{"href":"https:\/\/www.psagroup.it\/en\/wp-json\/wp\/v2\/types\/post"}],"author":[{"embeddable":true,"href":"https:\/\/www.psagroup.it\/en\/wp-json\/wp\/v2\/users\/1"}],"replies":[{"embeddable":true,"href":"https:\/\/www.psagroup.it\/en\/wp-json\/wp\/v2\/comments?post=9017"}],"version-history":[{"count":0,"href":"https:\/\/www.psagroup.it\/en\/wp-json\/wp\/v2\/posts\/9017\/revisions"}],"wp:attachment":[{"href":"https:\/\/www.psagroup.it\/en\/wp-json\/wp\/v2\/media?parent=9017"}],"wp:term":[{"taxonomy":"category","embeddable":true,"href":"https:\/\/www.psagroup.it\/en\/wp-json\/wp\/v2\/categories?post=9017"},{"taxonomy":"post_tag","embeddable":true,"href":"https:\/\/www.psagroup.it\/en\/wp-json\/wp\/v2\/tags?post=9017"}],"curies":[{"name":"wp","href":"https:\/\/api.w.org\/{rel}","templated":true}]}}