{"id":9016,"date":"2022-02-09T13:23:21","date_gmt":"2022-02-09T13:23:21","guid":{"rendered":"https:\/\/www.psagroup.it\/2022\/02\/09\/bologna-tre-minori-collocati-in-comunita\/"},"modified":"2022-02-09T13:23:21","modified_gmt":"2022-02-09T13:23:21","slug":"bologna-tre-minori-collocati-in-comunita","status":"publish","type":"post","link":"https:\/\/www.psagroup.it\/en\/2022\/02\/09\/bologna-tre-minori-collocati-in-comunita\/","title":{"rendered":"Bologna: tre minori collocati in comunit\u00e0"},"content":{"rendered":"<p>A Bologna, i poliziotti della Squadra mobile hanno eseguito la misura del collocamento in comunit\u00e0 di tre minorenni responsabili di rapina e lesioni gravi. Le vicende riguardano due eventi distinti. I primi due provvedimenti scaturiscono da una grave episodio di violenza verificatosi nella serata del 3 febbraio scorso ad Imola, dove gli agenti del commissariato erano intervenuti al pronto soccorso dell\u2019ospedale per una segnalazione di ricovero di un ragazzo con ferite da arma da taglio e lesioni. Il giovane aveva raccontato agli agenti di esser stato aggredito da alcuni coetanei mentre stava passeggiando con tre amici per le vie del centro di Bologna. I ragazzi erano stati avvicinati con fare minaccioso da un gruppetto di giovani che, con una scusa banale, avevano dato il via ad un pestaggio vero e proprio. Delle vittime, due hanno riportato lesioni di media entit\u00e0, la terza invece, il ragazzo ricoverato in ospedale, aveva avuto la peggio, con ferite da arma da taglio alla schiena guaribili in 60 giorni. Le telecamere di videosorveglianza e l\u2019analisi di social network e tabulati telefonici hanno reso possibile per gli investigatori l\u2019identificazione dei due principali responsabili dell\u2019aggressione. Il secondo evento invece riguarda un minorenne che, nella notte del 5 dicembre, si era reso responsabile di cinque rapine nell\u2019arco di un\u2019ora, sempre a Bologna, nel centro storico della citt\u00e0. Tutti episodi commessi con l\u2019aiuto di tre suoi coetanei, arrestati poi in flagranza dai poliziotti delle Volanti quella stessa notte. Per due degli arrestati era scattata anche l\u2019accusa di violenza sessuale perch\u00e9 durante una rapina avevano palpeggiato pesantemente una vittima. Il quarto invece, riuscito a fuggire quella notte e per il quale \u00e8 stato eseguito il provvedimento cautelare, \u00e8 stato identificato successivamente dal personale della Squadra mobile. Durante la perquisizione \u00e8 stato rinvenuto un giaccone sottratto ad una delle vittime durante le rapine. \u00a0 \u00a0 \u00a0 \u00a0 <a href=\"http:\/\/www.poliziadistato.it\/articolo\/1996620398511d2c1470957709\" target=\"_blank\" rel=\"nofollow noopener\" class=\"rssmi_more\">leggi tutto<\/a> <\/p>\n<p>From: <a href=\"http:\/\/www.poliziadistato.it\/articolo\/1996620398511d2c1470957709\" target=\"_blank\" title=\"Bologna: tre minori collocati in comunit\u00e0\" rel=\"nofollow noopener\">http:\/\/www.poliziadistato.it\/articolo\/1996620398511d2c1470957709<\/a><\/p>\n","protected":false},"excerpt":{"rendered":"<p>A Bologna, i poliziotti della Squadra mobile hanno eseguito la misura del collocamento in comunit\u00e0 di tre minorenni responsabili di rapina e lesioni gravi. Le vicende riguardano due eventi distinti. I primi due provvedimenti scaturiscono da una grave episodio di violenza verificatosi nella serata del 3 febbraio scorso ad Imola, dove gli agenti del commissariato erano intervenuti al pronto soccorso dell\u2019ospedale per una segnalazione di ricovero di un ragazzo con ferite da arma da taglio e lesioni. Il giovane aveva raccontato agli agenti di esser stato aggredito da alcuni coetanei mentre stava passeggiando con tre amici per le vie del centro di Bologna. I ragazzi erano stati avvicinati con fare minaccioso da un gruppetto di giovani che, con una scusa banale, avevano dato il via ad un pestaggio vero e proprio. Delle vittime, due hanno riportato lesioni di media entit\u00e0, la terza invece, il ragazzo ricoverato in ospedale, aveva avuto la peggio, con ferite da arma da taglio alla schiena guaribili in 60 giorni. Le telecamere di videosorveglianza e l\u2019analisi di social network e tabulati telefonici hanno reso possibile per gli investigatori l\u2019identificazione dei due principali responsabili dell\u2019aggressione. Il secondo evento invece riguarda un minorenne che, nella notte del 5 dicembre, si era reso responsabile di cinque rapine nell\u2019arco di un\u2019ora, sempre a Bologna, nel centro storico della citt\u00e0. Tutti episodi commessi con l\u2019aiuto di tre suoi coetanei, arrestati poi in flagranza dai poliziotti delle Volanti quella stessa notte. Per due degli arrestati era scattata anche l\u2019accusa di violenza sessuale perch\u00e9 durante una rapina avevano palpeggiato pesantemente una vittima. Il quarto invece, riuscito a fuggire quella notte e per il quale \u00e8 stato eseguito il provvedimento cautelare, \u00e8 stato identificato successivamente dal personale della Squadra mobile. Durante la perquisizione \u00e8 stato rinvenuto un giaccone sottratto ad una delle vittime durante le rapine. \u00a0 \u00a0 \u00a0 \u00a0 <a href=\"http:\/\/www.poliziadistato.it\/articolo\/1996620398511d2c1470957709\" target=\"_blank\" rel=\"nofollow noopener\" class=\"rssmi_more\">leggi tutto<\/a><\/p>\n","protected":false},"author":1,"featured_media":0,"comment_status":"open","ping_status":"closed","sticky":false,"template":"","format":"standard","meta":{"footnotes":""},"categories":[6],"tags":[],"class_list":["post-9016","post","type-post","status-publish","format-standard","hentry","category-notizie"],"_links":{"self":[{"href":"https:\/\/www.psagroup.it\/en\/wp-json\/wp\/v2\/posts\/9016","targetHints":{"allow":["GET"]}}],"collection":[{"href":"https:\/\/www.psagroup.it\/en\/wp-json\/wp\/v2\/posts"}],"about":[{"href":"https:\/\/www.psagroup.it\/en\/wp-json\/wp\/v2\/types\/post"}],"author":[{"embeddable":true,"href":"https:\/\/www.psagroup.it\/en\/wp-json\/wp\/v2\/users\/1"}],"replies":[{"embeddable":true,"href":"https:\/\/www.psagroup.it\/en\/wp-json\/wp\/v2\/comments?post=9016"}],"version-history":[{"count":0,"href":"https:\/\/www.psagroup.it\/en\/wp-json\/wp\/v2\/posts\/9016\/revisions"}],"wp:attachment":[{"href":"https:\/\/www.psagroup.it\/en\/wp-json\/wp\/v2\/media?parent=9016"}],"wp:term":[{"taxonomy":"category","embeddable":true,"href":"https:\/\/www.psagroup.it\/en\/wp-json\/wp\/v2\/categories?post=9016"},{"taxonomy":"post_tag","embeddable":true,"href":"https:\/\/www.psagroup.it\/en\/wp-json\/wp\/v2\/tags?post=9016"}],"curies":[{"name":"wp","href":"https:\/\/api.w.org\/{rel}","templated":true}]}}