{"id":8945,"date":"2022-01-27T09:24:27","date_gmt":"2022-01-27T09:24:27","guid":{"rendered":"https:\/\/www.psagroup.it\/2022\/01\/27\/shoah-la-settimana-della-memoria-raccontata-dalla-polizia\/"},"modified":"2022-01-27T09:24:27","modified_gmt":"2022-01-27T09:24:27","slug":"shoah-la-settimana-della-memoria-raccontata-dalla-polizia","status":"publish","type":"post","link":"https:\/\/www.psagroup.it\/en\/2022\/01\/27\/shoah-la-settimana-della-memoria-raccontata-dalla-polizia\/","title":{"rendered":"Shoah: la settimana della memoria raccontata dalla Polizia"},"content":{"rendered":"<p>Si celebra oggi la Giornata della memoria una data in cui si commemora la Shoah, che ha cancellato le esistenze di milioni di esseri umani. In questi giorni la Polizia di Stato \u00e8 impegnata nel ricordare l\u2019Olocausto, come testimonianza del forte legame che da anni la lega alla comunit\u00e0 ebraica. Per tutta la settimana le immagini di copertina delle pagine Facebook, Instagram e Twitter\u00a0istituzionali sono dedicate al ricordo delle vittime con una foto che immortala\u00a0il simbolo pi\u00f9 alto del sacrificio di cui furono vittime gli ebrei, ossia le Pietre d\u2019inciampo. Attraverso i post pubblicati, in particolare sulla pagina Facebook Polizia di Stato viene ricordato quanto accadde in quegli anni bui: dall\u2019infame scelta di marchiare le persone di religione ebraica con la Stella gialla cucita sugli abiti, alla pi\u00f9 grande fake news della storia, cio\u00e8 la leggenda della cospirazione ebraica mondiale, usata da Hitler come base ideologica del nazismo e come motivazione per lo sterminio degli ebrei.  Sino al ricordo dei\u00a0poliziotti che sacrificarono la loro vita per salvare quelle di migliaia di ebrei, uno tra tutti Giovanni Palatucci, Giusto tra le nazioni, al quale sono intitolate piazze, vie e scuole in molte citt\u00e0 italiane. Nella citt\u00e0 di Novara lo scorso 23 gennaio si \u00e8 svolta la \u201cRun for Mem, la Corsa della Memoria verso il futuro\u201d, organizzata dall\u2019Unione delle comunit\u00e0 ebraiche italiane, Ucei, in un percorso nei luoghi della memoria alla quale hanno partecipato anche atleti del Gruppo sportivo della Polizia di Stato Fiamme oro. Il 25 gennaio, a Trieste, davanti alla Questura sono state apposte delle pietre d\u2019inciampo per ricordare i poliziotti che, in opposizione alle leggi naziste, salvarono la vita di numerosi ebrei destinati alla deportazione.  Le pietre d\u2019inciampo sono state dedicate alla memoria del commissario Giovanni Palatucci e del commissario Feliciano Ricciardelli deportati nel 1944 nel campo di concentramento di Dachau. Ieri, presso la questura di Aosta \u00e8 stata apposta una pietra d\u2019inciampo alla memoria del commissario Camillo Renzi anch\u2019egli deceduto nel lager di Dachau. Atti simbolici che intendono rafforzare il valore del ricordo ma che sono anche un monito affinch\u00e9 non si ripetano i crimini commessi dai nazifascisti. L\u2019impegno della Polizia di Stato \u00e8 riconosciuto anche oltre i confini nazionali: lo scorso mese di novembre, infatti, l\u2019Associazione europea delle Comunit\u00e0 ebraiche ha conferito al capo della Polizia Lamberto Giannini il prestigioso premio \u201cKing David Award\u201d, per l\u2019intesa opera di protezione delle comunit\u00e0 ebraiche svolta dalle donne e dagli uomini della Polizia di Stato. \u00a0 <a href=\"http:\/\/www.poliziadistato.it\/articolo\/1561f17c36d97a1746928779\" target=\"_blank\" rel=\"nofollow noopener\" class=\"rssmi_more\">leggi tutto<\/a> <\/p>\n<p>From: <a href=\"http:\/\/www.poliziadistato.it\/articolo\/1561f17c36d97a1746928779\" target=\"_blank\" title=\"Shoah: la settimana della memoria raccontata dalla Polizia\" rel=\"nofollow noopener\">http:\/\/www.poliziadistato.it\/articolo\/1561f17c36d97a1746928779<\/a><\/p>\n","protected":false},"excerpt":{"rendered":"<p>Si celebra oggi la Giornata della memoria una data in cui si commemora la Shoah, che ha cancellato le esistenze di milioni di esseri umani. In questi giorni la Polizia di Stato \u00e8 impegnata nel ricordare l\u2019Olocausto, come testimonianza del forte legame che da anni la lega alla comunit\u00e0 ebraica. Per tutta la settimana le immagini di copertina delle pagine Facebook, Instagram e Twitter\u00a0istituzionali sono dedicate al ricordo delle vittime con una foto che immortala\u00a0il simbolo pi\u00f9 alto del sacrificio di cui furono vittime gli ebrei, ossia le Pietre d\u2019inciampo. Attraverso i post pubblicati, in particolare sulla pagina Facebook Polizia di Stato viene ricordato quanto accadde in quegli anni bui: dall\u2019infame scelta di marchiare le persone di religione ebraica con la Stella gialla cucita sugli abiti, alla pi\u00f9 grande fake news della storia, cio\u00e8 la leggenda della cospirazione ebraica mondiale, usata da Hitler come base ideologica del nazismo e come motivazione per lo sterminio degli ebrei.  Sino al ricordo dei\u00a0poliziotti che sacrificarono la loro vita per salvare quelle di migliaia di ebrei, uno tra tutti Giovanni Palatucci, Giusto tra le nazioni, al quale sono intitolate piazze, vie e scuole in molte citt\u00e0 italiane. Nella citt\u00e0 di Novara lo scorso 23 gennaio si \u00e8 svolta la \u201cRun for Mem, la Corsa della Memoria verso il futuro\u201d, organizzata dall\u2019Unione delle comunit\u00e0 ebraiche italiane, Ucei, in un percorso nei luoghi della memoria alla quale hanno partecipato anche atleti del Gruppo sportivo della Polizia di Stato Fiamme oro. Il 25 gennaio, a Trieste, davanti alla Questura sono state apposte delle pietre d\u2019inciampo per ricordare i poliziotti che, in opposizione alle leggi naziste, salvarono la vita di numerosi ebrei destinati alla deportazione.  Le pietre d\u2019inciampo sono state dedicate alla memoria del commissario Giovanni Palatucci e del commissario Feliciano Ricciardelli deportati nel 1944 nel campo di concentramento di Dachau. Ieri, presso la questura di Aosta \u00e8 stata apposta una pietra d\u2019inciampo alla memoria del commissario Camillo Renzi anch\u2019egli deceduto nel lager di Dachau. Atti simbolici che intendono rafforzare il valore del ricordo ma che sono anche un monito affinch\u00e9 non si ripetano i crimini commessi dai nazifascisti. L\u2019impegno della Polizia di Stato \u00e8 riconosciuto anche oltre i confini nazionali: lo scorso mese di novembre, infatti, l\u2019Associazione europea delle Comunit\u00e0 ebraiche ha conferito al capo della Polizia Lamberto Giannini il prestigioso premio \u201cKing David Award\u201d, per l\u2019intesa opera di protezione delle comunit\u00e0 ebraiche svolta dalle donne e dagli uomini della Polizia di Stato. \u00a0 <a href=\"http:\/\/www.poliziadistato.it\/articolo\/1561f17c36d97a1746928779\" target=\"_blank\" rel=\"nofollow noopener\" class=\"rssmi_more\">leggi tutto<\/a><\/p>\n","protected":false},"author":1,"featured_media":0,"comment_status":"open","ping_status":"closed","sticky":false,"template":"","format":"standard","meta":{"footnotes":""},"categories":[6],"tags":[],"class_list":["post-8945","post","type-post","status-publish","format-standard","hentry","category-notizie"],"_links":{"self":[{"href":"https:\/\/www.psagroup.it\/en\/wp-json\/wp\/v2\/posts\/8945","targetHints":{"allow":["GET"]}}],"collection":[{"href":"https:\/\/www.psagroup.it\/en\/wp-json\/wp\/v2\/posts"}],"about":[{"href":"https:\/\/www.psagroup.it\/en\/wp-json\/wp\/v2\/types\/post"}],"author":[{"embeddable":true,"href":"https:\/\/www.psagroup.it\/en\/wp-json\/wp\/v2\/users\/1"}],"replies":[{"embeddable":true,"href":"https:\/\/www.psagroup.it\/en\/wp-json\/wp\/v2\/comments?post=8945"}],"version-history":[{"count":0,"href":"https:\/\/www.psagroup.it\/en\/wp-json\/wp\/v2\/posts\/8945\/revisions"}],"wp:attachment":[{"href":"https:\/\/www.psagroup.it\/en\/wp-json\/wp\/v2\/media?parent=8945"}],"wp:term":[{"taxonomy":"category","embeddable":true,"href":"https:\/\/www.psagroup.it\/en\/wp-json\/wp\/v2\/categories?post=8945"},{"taxonomy":"post_tag","embeddable":true,"href":"https:\/\/www.psagroup.it\/en\/wp-json\/wp\/v2\/tags?post=8945"}],"curies":[{"name":"wp","href":"https:\/\/api.w.org\/{rel}","templated":true}]}}